{"id":67021,"date":"2023-12-21T16:59:26","date_gmt":"2023-12-21T16:59:26","guid":{"rendered":"https:\/\/neutrale.al\/?p=67021"},"modified":"2023-12-21T16:59:26","modified_gmt":"2023-12-21T16:59:26","slug":"kryeministri-rama-paralajmeron-zgjedhje-te-reja-ne-himare-teksa-kryebashkiaku-i-zgjedhur-eshte-ne-burg","status":"publish","type":"post","link":"https:\/\/neutrale.al\/index.php\/2023\/12\/21\/kryeministri-rama-paralajmeron-zgjedhje-te-reja-ne-himare-teksa-kryebashkiaku-i-zgjedhur-eshte-ne-burg\/","title":{"rendered":"Kryeministri Rama paralajm\u00ebron zgjedhje t\u00eb reja n\u00eb Himar\u00eb, teksa kryebashkiaku i zgjedhur \u00ebsht\u00eb n\u00eb burg"},"content":{"rendered":"<p>Kryeministri Edi Rama, n\u00ebp\u00ebrmjet rrjeteve sociale ka paralajm\u00ebruar zgjedhje t\u00eb reja n\u00eb bashkin\u00eb e Himar\u00ebs, nd\u00ebrkoh\u00eb q\u00eb kryebashkiaku i zgjedhur, Fredi Beleri \u00ebsht\u00eb i arrestuar, por i pagjykuar.<\/p>\n<p>\u201cReferimi nga ana e GJKKO e ng\u00ebr\u00e7it q\u00eb krijohet n\u00eb vazhdim\u00ebsin\u00eb e p\u00ebrkohshme t\u00eb detyr\u00ebs nga ana e kandidatit humb\u00ebs, p\u00ebrderisa faktikisht kryebashkiaku i zgjedhur mbetet n\u00eb paraburgim, nd\u00ebrkoh\u00eb q\u00eb kryebashkiaku ende n\u00eb zyr\u00eb nuk e ka legjitimitetin p\u00ebr t\u00eb drejtuar bashkin\u00eb n\u00eb munges\u00eb t\u00eb fituesit, e b\u00ebn qart\u00ebsisht t\u00eb lexueshme dhe leht\u00ebsisht t\u00eb kuptueshme nevoj\u00ebn e daljes nga ky ng\u00ebr\u00e7 p\u00ebrmes nd\u00ebrprerjes s\u00eb vazhdim\u00ebsis\u00eb s\u00eb q\u00ebndrimit n\u00eb detyr\u00eb t\u00eb kandidatit humb\u00ebs, bazuar n\u00eb praktikat m\u00eb t\u00eb mira europiane p\u00ebr sigurimin e sh\u00ebrbimeve publike n\u00eb bashkin\u00eb e Himar\u00ebs\u201d, shkruan midis t\u00eb tjerash kreu i qeveris\u00eb.<\/p>\n<p>Reagimi i Ram\u00ebs:<\/p>\n<p>Nga leximi i vendimit t\u00eb arsyetuar t\u00eb GJKKO mbi mosdh\u00ebnien e lejes p\u00ebr betimin e kryebashkiakut t\u00eb zgjedhur t\u00eb Himar\u00ebs, shoh t\u00eb udh\u00ebs t\u00eb n\u00ebnvizoj publikisht sa m\u00eb posht\u00eb:<\/p>\n<p>1. Mosdh\u00ebnia e lejes p\u00ebr betim n\u00eb kushtet e paraburgimit nga ana e Drejtoris\u00eb s\u00eb P\u00ebrgjithshme t\u00eb Burgjeve, rezulton p\u00ebrfundimisht nj\u00eb q\u00ebndrim korrekt ligjor, ashtu sikund\u00ebr edhe refuzimi i gjykat\u00ebs speciale ndaj k\u00ebrkes\u00ebs \u00ebsht\u00eb qart\u00ebsisht i lexuesh\u00ebm dhe leht\u00ebsisht i kuptuesh\u00ebm.<\/p>\n<p>2. Fakti q\u00eb kryetari i zgjedhur i Himar\u00ebs mbetet i till\u00eb deri n\u00eb fund t\u00eb gjykimit dhe vet\u00ebm shpallja me vendim t\u00eb form\u00ebs s\u00eb prer\u00eb do t\u00eb p\u00ebrcaktoj\u00eb mund\u00ebsin\u00eb e tij p\u00ebr t\u2019u betuar n\u00eb rast pafaj\u00ebsie apo pamund\u00ebsin\u00eb e tij p\u00ebr t\u00eb mbetur kryebashkiak n\u00eb rast faj\u00ebsie, \u00ebsht\u00eb po ashtu qart\u00ebsisht i lexuesh\u00ebm dhe leht\u00ebsisht i kuptuesh\u00ebm.<\/p>\n<p>3. Referimi nga ana e GJKKO e ng\u00ebr\u00e7it q\u00eb krijohet n\u00eb vazhdim\u00ebsin\u00eb e p\u00ebrkohshme t\u00eb detyr\u00ebs nga ana e kandidatit humb\u00ebs, p\u00ebrderisa faktikisht kryebashkiaku i zgjedhur mbetet n\u00eb paraburgim, nd\u00ebrkoh\u00eb q\u00eb kryebashkiaku ende n\u00eb zyr\u00eb nuk e ka legjitimitetin p\u00ebr t\u00eb drejtuar bashkin\u00eb n\u00eb munges\u00eb t\u00eb fituesit, e b\u00ebn qart\u00ebsisht t\u00eb lexueshme dhe leht\u00ebsisht t\u00eb kuptueshme nevoj\u00ebn e daljes nga ky ng\u00ebr\u00e7 p\u00ebrmes nd\u00ebrprerjes s\u00eb vazhdim\u00ebsis\u00eb s\u00eb q\u00ebndrimit n\u00eb detyr\u00eb t\u00eb kandidatit humb\u00ebs, bazuar n\u00eb praktikat m\u00eb t\u00eb mira europiane p\u00ebr sigurimin e sh\u00ebrbimeve publike n\u00eb bashkin\u00eb e Himar\u00ebs. Si p\u00ebrfundim, ky vendim i arsyetuar i GJKKO \u00ebsht\u00eb nj\u00eb konfirmim i padiskutuesh\u00ebm ligjor i \u201c\u00e7\u00ebshtjes Beleri\u201d si nj\u00eb \u00e7\u00ebshtje e drejt\u00ebsis\u00eb, assesi e politik\u00ebs apo kurr\u00ebsesi e organeve t\u00eb qeveris\u00eb qendrore. Po ashtu arsyetimi i k\u00ebtij vendimi krijon nj\u00eb premis\u00eb pozitive p\u00ebr adresimin e ng\u00ebr\u00e7it t\u00eb lartp\u00ebrmendur.<\/p>\n","protected":false},"excerpt":{"rendered":"<p>Kryeministri Edi Rama, n\u00ebp\u00ebrmjet rrjeteve sociale ka paralajm\u00ebruar zgjedhje t\u00eb reja n\u00eb bashkin\u00eb e Himar\u00ebs, nd\u00ebrkoh\u00eb q\u00eb kryebashkiaku i zgjedhur, Fredi Beleri \u00ebsht\u00eb i arrestuar, por i pagjykuar. \u201cReferimi nga ana e GJKKO e ng\u00ebr\u00e7it q\u00eb krijohet n\u00eb vazhdim\u00ebsin\u00eb e p\u00ebrkohshme t\u00eb detyr\u00ebs nga ana e kandidatit humb\u00ebs, p\u00ebrderisa faktikisht kryebashkiaku i zgjedhur mbetet n\u00eb [&hellip;]<\/p>\n","protected":false},"author":2,"featured_media":67022,"comment_status":"open","ping_status":"open","sticky":false,"template":"","format":"standard","meta":{"footnotes":""},"categories":[118],"tags":[],"class_list":{"0":"post-67021","1":"post","2":"type-post","3":"status-publish","4":"format-standard","5":"has-post-thumbnail","7":"category-kryesore"},"_links":{"self":[{"href":"https:\/\/neutrale.al\/index.php\/wp-json\/wp\/v2\/posts\/67021","targetHints":{"allow":["GET"]}}],"collection":[{"href":"https:\/\/neutrale.al\/index.php\/wp-json\/wp\/v2\/posts"}],"about":[{"href":"https:\/\/neutrale.al\/index.php\/wp-json\/wp\/v2\/types\/post"}],"author":[{"embeddable":true,"href":"https:\/\/neutrale.al\/index.php\/wp-json\/wp\/v2\/users\/2"}],"replies":[{"embeddable":true,"href":"https:\/\/neutrale.al\/index.php\/wp-json\/wp\/v2\/comments?post=67021"}],"version-history":[{"count":1,"href":"https:\/\/neutrale.al\/index.php\/wp-json\/wp\/v2\/posts\/67021\/revisions"}],"predecessor-version":[{"id":67023,"href":"https:\/\/neutrale.al\/index.php\/wp-json\/wp\/v2\/posts\/67021\/revisions\/67023"}],"wp:featuredmedia":[{"embeddable":true,"href":"https:\/\/neutrale.al\/index.php\/wp-json\/wp\/v2\/media\/67022"}],"wp:attachment":[{"href":"https:\/\/neutrale.al\/index.php\/wp-json\/wp\/v2\/media?parent=67021"}],"wp:term":[{"taxonomy":"category","embeddable":true,"href":"https:\/\/neutrale.al\/index.php\/wp-json\/wp\/v2\/categories?post=67021"},{"taxonomy":"post_tag","embeddable":true,"href":"https:\/\/neutrale.al\/index.php\/wp-json\/wp\/v2\/tags?post=67021"}],"curies":[{"name":"wp","href":"https:\/\/api.w.org\/{rel}","templated":true}]}}