{"id":66971,"date":"2023-12-21T10:34:03","date_gmt":"2023-12-21T10:34:03","guid":{"rendered":"https:\/\/neutrale.al\/?p=66971"},"modified":"2023-12-21T10:34:03","modified_gmt":"2023-12-21T10:34:03","slug":"statuja-kafshesh-ne-hyrje-te-koplikut-ironia-e-poetes-rexhvelaj-urime-bashki-deshtoni-me-sukses-gjithmone","status":"publish","type":"post","link":"https:\/\/neutrale.al\/index.php\/2023\/12\/21\/statuja-kafshesh-ne-hyrje-te-koplikut-ironia-e-poetes-rexhvelaj-urime-bashki-deshtoni-me-sukses-gjithmone\/","title":{"rendered":"Statuja kafsh\u00ebsh n\u00eb hyrje t\u00eb Koplikut\/ Ironia e poetes Rexhvelaj: Urime Bashki, d\u00ebshtoni me sukses gjithmon\u00eb&#8230;"},"content":{"rendered":"<p>\u00cbsht\u00eb poetja Mimoza Rexhvelaj q\u00eb me nj\u00eb status n\u00eb rrjetet sociale ka ironizuar vendimin e Bashkis\u00eb Mal\u00ebsi e Madhe p\u00ebr t\u00eb vendosur n\u00eb hyrje t\u00eb qytetit nj\u00eb instalacion artistik.<br \/>\nJan\u00eb statujat e nj\u00eb tufe kafsh\u00ebsh q\u00eb kan\u00eb t\u00ebrhequr v\u00ebmendjen e qytetar\u00ebve, por edhe t\u00eb udh\u00ebtar\u00ebve t\u00eb shumt\u00eb q\u00eb p\u00ebrshkojn\u00eb at\u00eb rrug\u00eb p\u00ebr n\u00eb Mal t\u00eb Zi, Raz\u00ebm, Theth apo zona t\u00eb tjera turistike n\u00eb Veriun e Shqip\u00ebris\u00eb.<br \/>\nRexhvelaj nuk sh\u00ebnon se kush \u00ebsht\u00eb autori i k\u00ebtij instalacioni.<\/p>\n<p>Postimi i plot\u00eb i saj:<\/p>\n<p>&#8220;Ky i madhi \u00ebsht\u00eb kryetari, k\u00ebta t\u00eb tjer\u00ebt jan\u00eb servilat q\u00eb e rrethojn\u00eb. S\u2019kishte si t\u00eb mbyllej m\u00eb bukur viti se me nj\u00eb vep\u00ebr arti me p\u00ebrmasa t\u00eb tilla n\u00eb hyrje t\u00eb Koplikut.<\/p>\n<p>Sh\u00ebnim: turist\u00ebt do t\u00eb ndalojn\u00eb e do t\u00eb b\u00ebjn\u00eb foto me ekipin fitues, si n\u00eb ato muzet jasht\u00eb shtetit ku jan\u00eb vipat, aktor\u00ebt e president\u00ebt prej dylli, di\u00e7ka e ngjashme.????<\/p>\n<p>Urime Bashki jeni m\u00eb t\u00eb mir\u00ebt, ju nuk zhg\u00ebnjeni kurr\u00eb! Ju d\u00ebshtoni me sukses gjithmon\u00eb dhe nuk skuqeni fare, por vazhdoni p\u00ebrpara\u2026<\/p>\n<p>Po pres me kresh\u00ebri t\u00eb shikoj si do t\u00eb jet\u00eb Spiropali ndonj\u00eb luanesh\u00eb besoj?!<\/p>\n<p><img loading=\"lazy\" loading=\"lazy\" decoding=\"async\" src=\"https:\/\/neutrale.al\/wp-content\/uploads\/2023\/12\/5a62747f-7959-4b95-93e8-3efc3fc1366a-290x300.jpeg\" alt=\"\" width=\"290\" height=\"300\" class=\"alignnone size-medium wp-image-66972\" srcset=\"https:\/\/neutrale.al\/wp-content\/uploads\/2023\/12\/5a62747f-7959-4b95-93e8-3efc3fc1366a-290x300.jpeg 290w, https:\/\/neutrale.al\/wp-content\/uploads\/2023\/12\/5a62747f-7959-4b95-93e8-3efc3fc1366a.jpeg 540w\" sizes=\"auto, (max-width: 290px) 100vw, 290px\" \/><\/p>\n<p><img loading=\"lazy\" loading=\"lazy\" decoding=\"async\" src=\"https:\/\/neutrale.al\/wp-content\/uploads\/2023\/12\/98e212f0-ea2d-40f4-8aab-e10b7a8eb87c-300x176.jpeg\" alt=\"\" width=\"300\" height=\"176\" class=\"alignnone size-medium wp-image-66973\" srcset=\"https:\/\/neutrale.al\/wp-content\/uploads\/2023\/12\/98e212f0-ea2d-40f4-8aab-e10b7a8eb87c-300x176.jpeg 300w, https:\/\/neutrale.al\/wp-content\/uploads\/2023\/12\/98e212f0-ea2d-40f4-8aab-e10b7a8eb87c.jpeg 540w\" sizes=\"auto, (max-width: 300px) 100vw, 300px\" \/><\/p>\n<p><img loading=\"lazy\" loading=\"lazy\" decoding=\"async\" src=\"https:\/\/neutrale.al\/wp-content\/uploads\/2023\/12\/0adf740e-5d2e-4648-abb9-ac3bfc5a3676-300x296.jpeg\" alt=\"\" width=\"300\" height=\"296\" class=\"alignnone size-medium wp-image-66974\" srcset=\"https:\/\/neutrale.al\/wp-content\/uploads\/2023\/12\/0adf740e-5d2e-4648-abb9-ac3bfc5a3676-300x296.jpeg 300w, https:\/\/neutrale.al\/wp-content\/uploads\/2023\/12\/0adf740e-5d2e-4648-abb9-ac3bfc5a3676-1024x1009.jpeg 1024w, https:\/\/neutrale.al\/wp-content\/uploads\/2023\/12\/0adf740e-5d2e-4648-abb9-ac3bfc5a3676-768x757.jpeg 768w, https:\/\/neutrale.al\/wp-content\/uploads\/2023\/12\/0adf740e-5d2e-4648-abb9-ac3bfc5a3676-860x847.jpeg 860w, https:\/\/neutrale.al\/wp-content\/uploads\/2023\/12\/0adf740e-5d2e-4648-abb9-ac3bfc5a3676.jpeg 1080w\" sizes=\"auto, (max-width: 300px) 100vw, 300px\" \/><\/p>\n","protected":false},"excerpt":{"rendered":"<p>\u00cbsht\u00eb poetja Mimoza Rexhvelaj q\u00eb me nj\u00eb status n\u00eb rrjetet sociale ka ironizuar vendimin e Bashkis\u00eb Mal\u00ebsi e Madhe p\u00ebr t\u00eb vendosur n\u00eb hyrje t\u00eb qytetit nj\u00eb instalacion artistik. Jan\u00eb statujat e nj\u00eb tufe kafsh\u00ebsh q\u00eb kan\u00eb t\u00ebrhequr v\u00ebmendjen e qytetar\u00ebve, por edhe t\u00eb udh\u00ebtar\u00ebve t\u00eb shumt\u00eb q\u00eb p\u00ebrshkojn\u00eb at\u00eb rrug\u00eb p\u00ebr n\u00eb Mal t\u00eb [&hellip;]<\/p>\n","protected":false},"author":2,"featured_media":66974,"comment_status":"open","ping_status":"open","sticky":false,"template":"","format":"standard","meta":{"footnotes":""},"categories":[1],"tags":[],"class_list":{"0":"post-66971","1":"post","2":"type-post","3":"status-publish","4":"format-standard","5":"has-post-thumbnail","7":"category-te-tjera"},"_links":{"self":[{"href":"https:\/\/neutrale.al\/index.php\/wp-json\/wp\/v2\/posts\/66971","targetHints":{"allow":["GET"]}}],"collection":[{"href":"https:\/\/neutrale.al\/index.php\/wp-json\/wp\/v2\/posts"}],"about":[{"href":"https:\/\/neutrale.al\/index.php\/wp-json\/wp\/v2\/types\/post"}],"author":[{"embeddable":true,"href":"https:\/\/neutrale.al\/index.php\/wp-json\/wp\/v2\/users\/2"}],"replies":[{"embeddable":true,"href":"https:\/\/neutrale.al\/index.php\/wp-json\/wp\/v2\/comments?post=66971"}],"version-history":[{"count":2,"href":"https:\/\/neutrale.al\/index.php\/wp-json\/wp\/v2\/posts\/66971\/revisions"}],"predecessor-version":[{"id":66976,"href":"https:\/\/neutrale.al\/index.php\/wp-json\/wp\/v2\/posts\/66971\/revisions\/66976"}],"wp:featuredmedia":[{"embeddable":true,"href":"https:\/\/neutrale.al\/index.php\/wp-json\/wp\/v2\/media\/66974"}],"wp:attachment":[{"href":"https:\/\/neutrale.al\/index.php\/wp-json\/wp\/v2\/media?parent=66971"}],"wp:term":[{"taxonomy":"category","embeddable":true,"href":"https:\/\/neutrale.al\/index.php\/wp-json\/wp\/v2\/categories?post=66971"},{"taxonomy":"post_tag","embeddable":true,"href":"https:\/\/neutrale.al\/index.php\/wp-json\/wp\/v2\/tags?post=66971"}],"curies":[{"name":"wp","href":"https:\/\/api.w.org\/{rel}","templated":true}]}}