{"id":66738,"date":"2023-12-18T12:23:24","date_gmt":"2023-12-18T12:23:24","guid":{"rendered":"https:\/\/neutrale.al\/?p=66738"},"modified":"2023-12-18T12:23:24","modified_gmt":"2023-12-18T12:23:24","slug":"tirane-tre-viktima-ne-dy-aksidente-emrat-e-aksidentit-ne-rrugen-e-arberit","status":"publish","type":"post","link":"https:\/\/neutrale.al\/index.php\/2023\/12\/18\/tirane-tre-viktima-ne-dy-aksidente-emrat-e-aksidentit-ne-rrugen-e-arberit\/","title":{"rendered":"Tiran\u00eb\/ Tre viktima n\u00eb dy aksidente (emrat e aksidentit n\u00eb &#8220;Rrug\u00ebn e Arb\u00ebrit&#8221;"},"content":{"rendered":"<p>Egila Celami 29-vje\u00e7e dhe Marsel Tafa 35-vje\u00e7 jan\u00eb dy t\u00eb rinjt\u00eb q\u00eb fatkeq\u00ebsisht kan\u00eb humbur jet\u00ebn sot n\u00eb aksidentin n\u00eb &#8220;Rrug\u00ebn e Arbrit&#8221;.<br \/>\nDy aksidente me tre viktima jan\u00eb sh\u00ebnuar n\u00eb kryeqytet m\u00ebngjesin dhe paraditen e k\u00ebsaj t\u00eb h\u00ebn\u00eb.<\/p>\n<p>I pari u sh\u00ebnua n\u00eb \u201crrug\u00ebn e Elbasanit\u201d rreth or\u00ebs 06:10, kur nj\u00eb automjet p\u00ebrplasi p\u00ebr vdekje nj\u00eb k\u00ebmb\u00ebsore.<\/p>\n<p>\u201cAutomjeti me drejtues shtetasin P. Xh., ka aksidentuar shtetasen A. R., 54 vje\u00e7e, e cila si pasoj\u00eb e aksidentit ka nd\u00ebrruar jet\u00eb n\u00eb vendngjarje. Grupi hetimor po punon p\u00ebr sqarimin e rrethanave t\u00eb aksidentit\u201d,\u00a0njoftoi policia.<\/p>\n<p>Disa or\u00eb m\u00eb von\u00eb, nj\u00eb tjet\u00ebr aksident me bilanc edhe m\u00eb t\u00eb r\u00ebnd\u00eb \u00ebsht\u00eb sh\u00ebnuar n\u00eb af\u00ebrsi t\u00eb\u00a0Tiran\u00ebs.<br \/>\nPran\u00eb vendit t\u00eb quajtur \u201cShkalla e Tujanit\u201d dy automjete jan\u00eb p\u00ebrplasur me nj\u00ebra-tjetr\u00ebn. M\u00eb pas, nj\u00eb nga mjetet ra n\u00eb humner\u00eb dhe dy personat n\u00eb bord humb\u00ebn jet\u00ebn: M.T., rreth 35 vje\u00e7, dhe E. C., 29 vje\u00e7e.<\/p>\n<p>Nd\u00ebrsa drejtuesi i mjetit tjet\u00ebr ka mbetur i plagosur.<\/p>\n<p>\u201cN\u00eb Rrug\u00ebn e Arbrit, af\u00ebr Shkall\u00ebs s\u00eb Tujanit, jan\u00eb p\u00ebrplasur 2 automjete. Si pasoj\u00eb e p\u00ebrplasjes, nj\u00ebri nga automjetet ka r\u00ebn\u00eb nga lart\u00ebsia n\u00eb humner\u00eb dhe 2 shtetasit q\u00eb kan\u00eb qen\u00eb n\u00eb k\u00ebt\u00eb automjet, kan\u00eb humbur jet\u00ebn. Drejtuesi i automjetit tjet\u00ebr, shtetasi K.R., ndodhet n\u00eb spital, n\u00eb kujdesin e mjek\u00ebve. Grupi hetimor po punon p\u00ebr sqarimin e rrethanave t\u00eb aksidentit dhe p\u00ebr identifikimin e 2 shtetasve q\u00eb kan\u00eb humbur jet\u00ebn\u201d,\u00a0njoftoi policia.<\/p>\n","protected":false},"excerpt":{"rendered":"<p>Egila Celami 29-vje\u00e7e dhe Marsel Tafa 35-vje\u00e7 jan\u00eb dy t\u00eb rinjt\u00eb q\u00eb fatkeq\u00ebsisht kan\u00eb humbur jet\u00ebn sot n\u00eb aksidentin n\u00eb &#8220;Rrug\u00ebn e Arbrit&#8221;. Dy aksidente me tre viktima jan\u00eb sh\u00ebnuar n\u00eb kryeqytet m\u00ebngjesin dhe paraditen e k\u00ebsaj t\u00eb h\u00ebn\u00eb. I pari u sh\u00ebnua n\u00eb \u201crrug\u00ebn e Elbasanit\u201d rreth or\u00ebs 06:10, kur nj\u00eb automjet p\u00ebrplasi p\u00ebr [&hellip;]<\/p>\n","protected":false},"author":2,"featured_media":66739,"comment_status":"open","ping_status":"open","sticky":false,"template":"","format":"standard","meta":{"footnotes":""},"categories":[117],"tags":[27],"class_list":{"0":"post-66738","1":"post","2":"type-post","3":"status-publish","4":"format-standard","5":"has-post-thumbnail","7":"category-aktualitet","8":"tag-lajme"},"_links":{"self":[{"href":"https:\/\/neutrale.al\/index.php\/wp-json\/wp\/v2\/posts\/66738","targetHints":{"allow":["GET"]}}],"collection":[{"href":"https:\/\/neutrale.al\/index.php\/wp-json\/wp\/v2\/posts"}],"about":[{"href":"https:\/\/neutrale.al\/index.php\/wp-json\/wp\/v2\/types\/post"}],"author":[{"embeddable":true,"href":"https:\/\/neutrale.al\/index.php\/wp-json\/wp\/v2\/users\/2"}],"replies":[{"embeddable":true,"href":"https:\/\/neutrale.al\/index.php\/wp-json\/wp\/v2\/comments?post=66738"}],"version-history":[{"count":1,"href":"https:\/\/neutrale.al\/index.php\/wp-json\/wp\/v2\/posts\/66738\/revisions"}],"predecessor-version":[{"id":66740,"href":"https:\/\/neutrale.al\/index.php\/wp-json\/wp\/v2\/posts\/66738\/revisions\/66740"}],"wp:featuredmedia":[{"embeddable":true,"href":"https:\/\/neutrale.al\/index.php\/wp-json\/wp\/v2\/media\/66739"}],"wp:attachment":[{"href":"https:\/\/neutrale.al\/index.php\/wp-json\/wp\/v2\/media?parent=66738"}],"wp:term":[{"taxonomy":"category","embeddable":true,"href":"https:\/\/neutrale.al\/index.php\/wp-json\/wp\/v2\/categories?post=66738"},{"taxonomy":"post_tag","embeddable":true,"href":"https:\/\/neutrale.al\/index.php\/wp-json\/wp\/v2\/tags?post=66738"}],"curies":[{"name":"wp","href":"https:\/\/api.w.org\/{rel}","templated":true}]}}