{"id":66720,"date":"2023-12-18T10:01:14","date_gmt":"2023-12-18T10:01:14","guid":{"rendered":"https:\/\/neutrale.al\/?p=66720"},"modified":"2023-12-18T10:01:14","modified_gmt":"2023-12-18T10:01:14","slug":"18-dhjetori-eshte-dita-nderkombetare-e-emigranteve-historia","status":"publish","type":"post","link":"https:\/\/neutrale.al\/index.php\/2023\/12\/18\/18-dhjetori-eshte-dita-nderkombetare-e-emigranteve-historia\/","title":{"rendered":"18 dhjetori \u00ebsht\u00eb Dita Nd\u00ebrkomb\u00ebtare e Emigrant\u00ebve (Historia)"},"content":{"rendered":"<p>18 dhjetori sh\u00ebnon Dit\u00ebn Nd\u00ebrkomb\u00ebtare t\u00eb emigrant\u00ebve, vendosur n\u00eb vitin 2000 nga Organizata e Kombeve t\u00eb Bashkuara.<\/p>\n<p>N\u00eb 4 dhjetor t\u00eb vitit 2000 Asambleja e P\u00ebrgjithshme e OKB-s\u00eb, duke pasur parasysh numrin gjithnj\u00eb e m\u00eb t\u00eb madh t\u00eb emigrant\u00ebve n\u00eb mbar\u00eb bot\u00ebn, e caktoi k\u00ebt\u00eb dat\u00eb si Dit\u00ebn nd\u00ebrkomb\u00ebtare t\u00eb emigrant\u00ebve. N\u00eb k\u00ebt\u00eb dit\u00eb n\u00eb vitin 1990 Asambleja miratoi Konvent\u00ebn nd\u00ebrkomb\u00ebtare p\u00ebr mbrojtjen e t\u00eb drejtave t\u00eb t\u00eb gjith\u00eb emigrant\u00ebve dhe an\u00ebtar\u00ebve t\u00eb familjeve t\u00eb tyre.<\/p>\n<p>\u201cN\u00eb Dit\u00ebn Nd\u00ebrkomb\u00ebtare t\u00eb Emigrant\u00ebve, le t\u00eb riafirmojm\u00eb p\u00ebrkushtimin ton\u00eb p\u00ebr t\u2019i dh\u00ebn\u00eb form\u00eb shoq\u00ebrive t\u00eb ndryshme dhe t\u00eb hapura, duke siguruar mund\u00ebsi dhe jet\u00eb me dinjitet p\u00ebr t\u00eb gjith\u00eb emigrant\u00ebt\u201d, ky \u00ebsht\u00eb mesazhi i Sekretarit t\u00eb P\u00ebrgjithsh\u00ebm t\u00eb OKB-s\u00eb, Ban Ki-moon, p\u00ebr k\u00ebt\u00eb dit\u00eb.<\/p>\n<p>132 vende an\u00ebtare t\u00eb cilat mor\u00ebn pjes\u00eb n\u00eb Dialogun e nivelit t\u00eb lart\u00eb p\u00ebr emigracionin dhe zhvillimin nd\u00ebrkomb\u00ebtar, q\u00eb u realizua nga Asambleja e P\u00ebrgjithshme n\u00eb 14 dhe 15 shtator t\u00eb vitit 2006, konfirmuan nj\u00eb s\u00ebr\u00eb mesash t\u00eb r\u00ebnd\u00ebsishme.<\/p>\n","protected":false},"excerpt":{"rendered":"<p>18 dhjetori sh\u00ebnon Dit\u00ebn Nd\u00ebrkomb\u00ebtare t\u00eb emigrant\u00ebve, vendosur n\u00eb vitin 2000 nga Organizata e Kombeve t\u00eb Bashkuara. N\u00eb 4 dhjetor t\u00eb vitit 2000 Asambleja e P\u00ebrgjithshme e OKB-s\u00eb, duke pasur parasysh numrin gjithnj\u00eb e m\u00eb t\u00eb madh t\u00eb emigrant\u00ebve n\u00eb mbar\u00eb bot\u00ebn, e caktoi k\u00ebt\u00eb dat\u00eb si Dit\u00ebn nd\u00ebrkomb\u00ebtare t\u00eb emigrant\u00ebve. N\u00eb k\u00ebt\u00eb dit\u00eb n\u00eb [&hellip;]<\/p>\n","protected":false},"author":2,"featured_media":66721,"comment_status":"open","ping_status":"open","sticky":false,"template":"","format":"standard","meta":{"footnotes":""},"categories":[107],"tags":[],"class_list":{"0":"post-66720","1":"post","2":"type-post","3":"status-publish","4":"format-standard","5":"has-post-thumbnail","7":"category-kuriozitete"},"_links":{"self":[{"href":"https:\/\/neutrale.al\/index.php\/wp-json\/wp\/v2\/posts\/66720","targetHints":{"allow":["GET"]}}],"collection":[{"href":"https:\/\/neutrale.al\/index.php\/wp-json\/wp\/v2\/posts"}],"about":[{"href":"https:\/\/neutrale.al\/index.php\/wp-json\/wp\/v2\/types\/post"}],"author":[{"embeddable":true,"href":"https:\/\/neutrale.al\/index.php\/wp-json\/wp\/v2\/users\/2"}],"replies":[{"embeddable":true,"href":"https:\/\/neutrale.al\/index.php\/wp-json\/wp\/v2\/comments?post=66720"}],"version-history":[{"count":1,"href":"https:\/\/neutrale.al\/index.php\/wp-json\/wp\/v2\/posts\/66720\/revisions"}],"predecessor-version":[{"id":66722,"href":"https:\/\/neutrale.al\/index.php\/wp-json\/wp\/v2\/posts\/66720\/revisions\/66722"}],"wp:featuredmedia":[{"embeddable":true,"href":"https:\/\/neutrale.al\/index.php\/wp-json\/wp\/v2\/media\/66721"}],"wp:attachment":[{"href":"https:\/\/neutrale.al\/index.php\/wp-json\/wp\/v2\/media?parent=66720"}],"wp:term":[{"taxonomy":"category","embeddable":true,"href":"https:\/\/neutrale.al\/index.php\/wp-json\/wp\/v2\/categories?post=66720"},{"taxonomy":"post_tag","embeddable":true,"href":"https:\/\/neutrale.al\/index.php\/wp-json\/wp\/v2\/tags?post=66720"}],"curies":[{"name":"wp","href":"https:\/\/api.w.org\/{rel}","templated":true}]}}