{"id":66572,"date":"2023-12-15T08:49:31","date_gmt":"2023-12-15T08:49:31","guid":{"rendered":"https:\/\/neutrale.al\/?p=66572"},"modified":"2023-12-15T08:49:31","modified_gmt":"2023-12-15T08:49:31","slug":"turqia-nuk-do-te-dergoje-me-imame-ne-xhamite-gjermane","status":"publish","type":"post","link":"https:\/\/neutrale.al\/index.php\/2023\/12\/15\/turqia-nuk-do-te-dergoje-me-imame-ne-xhamite-gjermane\/","title":{"rendered":"Turqia nuk do t\u00eb d\u00ebrgoj\u00eb m\u00eb imam\u00eb n\u00eb xhamit\u00eb gjermane"},"content":{"rendered":"<p>Gjermania ka arritur marr\u00ebveshje me Turqin\u00eb p\u00ebr ta hequr nj\u00eb program kontrovers sipas t\u00eb cilit imam\u00ebt turq d\u00ebrgoheshin n\u00eb xhamit\u00eb e Gjermanis\u00eb, tha Ministria e Brendshme e Gjermanis\u00eb t\u00eb enjten, njofton Radio Evrapa e Lir\u00eb<\/p>\n<p>Ky vendim do ta forcoj\u00eb integrimin e mysliman\u00ebve n\u00eb Gjermani, tha Ministria gjermane.<\/p>\n<p>Rreth 100 imam\u00eb do t\u00eb trajnohen n\u00eb Gjermani \u00e7do vit, sipas nj\u00eb marr\u00ebveshjeje mes Ministris\u00eb, autoritetit fetar turk Diyanet dhe Shoqat\u00ebs Islamike t\u00eb Turqis\u00eb, DITIB.<\/p>\n<p>K\u00ebta imam\u00eb do t\u2019i z\u00ebvend\u00ebsojn\u00eb dal\u00ebngadal\u00eb klerik\u00ebt e em\u00ebruar nga Diyanet n\u00eb Gjermani, e cila e ka nj\u00eb diaspor\u00eb t\u00eb madhe turke, por Qeveria e saj ka pasur shpesh mosmarr\u00ebveshje politike me presidentin e Turqis\u00eb, Recep Tayyip Erdogan, i cili \u00ebsht\u00eb n\u00eb pushtet q\u00eb dy dekada, dhe partin\u00eb e tij me rr\u00ebnj\u00eb islamiste, AK.<\/p>\n<p>\u201cNe kemi nevoj\u00eb p\u00ebr imam\u00eb t\u00eb cil\u00ebt e flasin gjuh\u00ebn ton\u00eb, e njohin vendin ton\u00eb dhe ngrihen n\u00eb k\u00ebmb\u00eb p\u00ebr vlerat tona\u201d, tha ministrja e Brendshme e Gjermanis\u00eb, Nancy Faeser.<\/p>\n<p>\u201cKy \u00ebsht\u00eb hap i r\u00ebnd\u00ebsish\u00ebm p\u00ebr integrimin dhe pjes\u00ebmarrjen e komuniteteve myslimane n\u00eb Gjermani\u201d, shtoi ajo.<\/p>\n<p>DITIB, shoqata m\u00eb e madhe islamike n\u00eb Gjermani me rreth 900 xhami, ka qen\u00eb subjekt i polemikave politike n\u00eb k\u00ebt\u00eb vend, ve\u00e7an\u00ebrisht s\u00eb fundmi kur nj\u00eb an\u00ebtar i taliban\u00ebve t\u00eb Afganistanit foli n\u00eb nj\u00ebr\u00ebn prej xhamive n\u00eb K\u00ebln muajin e kaluar.<\/p>\n<p>M\u00eb 2017, zyrtar\u00ebt gjerman\u00eb i b\u00ebn\u00eb thirrje DITIB-it t\u00eb b\u00ebj\u00eb reforma thelb\u00ebsore pas akuzave se imam\u00ebt e tij t\u00eb d\u00ebrguar nga Diyaneti kishin spiunuar p\u00ebr Ankaran\u00eb.<\/p>\n<p>Diyaneti i mohoi akuzat dhe hetimi p\u00ebr k\u00ebt\u00eb \u00e7\u00ebshtje u mbyll pa ndonj\u00eb aktakuz\u00eb.<\/p>\n","protected":false},"excerpt":{"rendered":"<p>Gjermania ka arritur marr\u00ebveshje me Turqin\u00eb p\u00ebr ta hequr nj\u00eb program kontrovers sipas t\u00eb cilit imam\u00ebt turq d\u00ebrgoheshin n\u00eb xhamit\u00eb e Gjermanis\u00eb, tha Ministria e Brendshme e Gjermanis\u00eb t\u00eb enjten, njofton Radio Evrapa e Lir\u00eb Ky vendim do ta forcoj\u00eb integrimin e mysliman\u00ebve n\u00eb Gjermani, tha Ministria gjermane. Rreth 100 imam\u00eb do t\u00eb trajnohen n\u00eb [&hellip;]<\/p>\n","protected":false},"author":2,"featured_media":66573,"comment_status":"open","ping_status":"open","sticky":false,"template":"","format":"standard","meta":{"footnotes":""},"categories":[12],"tags":[27],"class_list":{"0":"post-66572","1":"post","2":"type-post","3":"status-publish","4":"format-standard","5":"has-post-thumbnail","7":"category-bota","8":"tag-lajme"},"_links":{"self":[{"href":"https:\/\/neutrale.al\/index.php\/wp-json\/wp\/v2\/posts\/66572","targetHints":{"allow":["GET"]}}],"collection":[{"href":"https:\/\/neutrale.al\/index.php\/wp-json\/wp\/v2\/posts"}],"about":[{"href":"https:\/\/neutrale.al\/index.php\/wp-json\/wp\/v2\/types\/post"}],"author":[{"embeddable":true,"href":"https:\/\/neutrale.al\/index.php\/wp-json\/wp\/v2\/users\/2"}],"replies":[{"embeddable":true,"href":"https:\/\/neutrale.al\/index.php\/wp-json\/wp\/v2\/comments?post=66572"}],"version-history":[{"count":2,"href":"https:\/\/neutrale.al\/index.php\/wp-json\/wp\/v2\/posts\/66572\/revisions"}],"predecessor-version":[{"id":66575,"href":"https:\/\/neutrale.al\/index.php\/wp-json\/wp\/v2\/posts\/66572\/revisions\/66575"}],"wp:featuredmedia":[{"embeddable":true,"href":"https:\/\/neutrale.al\/index.php\/wp-json\/wp\/v2\/media\/66573"}],"wp:attachment":[{"href":"https:\/\/neutrale.al\/index.php\/wp-json\/wp\/v2\/media?parent=66572"}],"wp:term":[{"taxonomy":"category","embeddable":true,"href":"https:\/\/neutrale.al\/index.php\/wp-json\/wp\/v2\/categories?post=66572"},{"taxonomy":"post_tag","embeddable":true,"href":"https:\/\/neutrale.al\/index.php\/wp-json\/wp\/v2\/tags?post=66572"}],"curies":[{"name":"wp","href":"https:\/\/api.w.org\/{rel}","templated":true}]}}