{"id":66557,"date":"2023-12-14T17:28:15","date_gmt":"2023-12-14T17:28:15","guid":{"rendered":"https:\/\/neutrale.al\/?p=66557"},"modified":"2023-12-14T17:28:15","modified_gmt":"2023-12-14T17:28:15","slug":"cdu-myslimanet-qe-ndajne-vlerat-tona-pjese-e-gjermanise","status":"publish","type":"post","link":"https:\/\/neutrale.al\/index.php\/2023\/12\/14\/cdu-myslimanet-qe-ndajne-vlerat-tona-pjese-e-gjermanise\/","title":{"rendered":"CDU: &#8220;Mysliman\u00ebt q\u00eb ndajn\u00eb vlerat tona pjes\u00eb e Gjermanis\u00eb&#8221;"},"content":{"rendered":"<p>Programi i ri parimor i CDU-s\u00eb e ka t\u00eb debatin t\u00eb garantuar. K\u00ebshilli Qendror i Mysliman\u00ebve akuzon CDU se po k\u00ebrkon vota tek ekstremi i djatht\u00eb. T\u00eb tjer\u00eb kritikojn\u00eb aspektin social t\u00eb programit.<br \/>\nKritika nga shoqata e organizata t\u00eb ndryshme ndaj programit t\u00eb ri parimor t\u00eb partis\u00eb m\u00eb t\u00eb madhe opozitare gjermane,CDU.\u00a0Organizata t\u00eb ndryshme\u00a0myslimane\u00a0kan\u00eb kritikuar pasazhe t\u00eb caktuara n\u00eb draftin e programit. Kreu i K\u00ebshillit Qendror t\u00eb Mysliman\u00ebve n\u00eb\u00a0Gjermani,\u00a0Aiman Mazyek akuzoi CDU, se me formulimin &#8220;mysliman\u00ebt, q\u00eb ndajn\u00eb vlerat tona, jan\u00eb pjes\u00eb e Gjermanis\u00eb&#8221; po k\u00ebrkon vota tek ekstremi i djatht\u00eb. &#8220;T\u00eb kopjosh nga AfD nuk ka qen\u00eb q\u00eb n\u00eb shkoll\u00eb gj\u00eb e mir\u00eb&#8221;, tha Mazyek p\u00ebr &#8220;Stern&#8221;. Edhe K\u00ebshilli Gjerman i Islamit e kritikoi k\u00ebt\u00eb pasazh. &#8220;Diskutime t\u00eb tilla jan\u00eb p\u00ebrjashtuese dhe n\u00eb fund t\u00eb \u00e7orientojn\u00eb&#8221;, tha kreu i tij, Burhan Kesici. &#8220;Deklarata t\u00eb tilla v\u00ebshtir\u00ebsojn\u00eb identifikimin e mysliman\u00ebve me Gjermanin\u00eb.&#8221;<\/p>\n<p>CDU k\u00ebrkon pranimin e &#8220;kultur\u00ebs drejtuese&#8221;<\/p>\n<p>Drafti i programit t\u00eb ri argumenton se lufta kund\u00ebr ekstremizmit drejtohet kund\u00ebr atyre q\u00eb nxisin urrejtje e dhun\u00eb dhe k\u00ebrkojn\u00eb vendosjen e nj\u00eb rendi islamist. &#8220;Sharia nuk \u00ebsht\u00eb pjes\u00eb e Gjermanis\u00eb&#8221;, thuhet aty. Dhe m\u00eb tej: &#8220;Mysliman\u00ebt, q\u00eb ndajn\u00eb vlerat tona jan\u00eb pjes\u00eb e Gjermanis\u00eb.&#8221; CDU n\u00eb k\u00ebt\u00eb m\u00ebnyr\u00eb distancohet nga nj\u00eb fjali e presidentit t\u00eb at\u00ebhersh\u00ebm gjerman, Christian Wulff, q\u00eb tha n\u00eb vitin 2010, se &#8220;islami nd\u00ebrkoh\u00eb \u00ebsht\u00eb b\u00ebr\u00eb pjes\u00eb e Gjermanis\u00eb&#8221;. CDU k\u00ebrkon edhe pranimin e nj\u00eb &#8220;kulture drejtuese&#8221; p\u00ebr t\u00eb gjith\u00eb qytetar\u00ebt. K\u00ebtu b\u00ebn pjes\u00eb edhe respektimi i dinjitetit t\u00eb njeriut, t\u00eb drejtat baz\u00eb t\u00eb njerut, shteti ligjor, respekti dhe toleranca si edhe njohja e s\u00eb drejt\u00ebs t\u00eb ekzistenc\u00ebs <\/p>\n<p>sAntisemitizmi\u00eb Izraelit.<br \/>\nKritika p\u00ebr aspektet sociale t\u00eb programit t\u00eb ri t\u00eb CDU<\/p>\n<p>Kritika drafti i ri ka marr\u00eb edhe p\u00ebr propozimet n\u00eb lidhje me\u00a0politik\u00ebn sociale e t\u00eb tregut t\u00eb pun\u00ebs.\u00a0&#8220;N\u00eb nj\u00eb koh\u00eb, kur gjithnj\u00eb e m\u00eb shum\u00eb pjes\u00eb t\u00eb popullsis\u00eb kan\u00eb frik\u00eb nga r\u00ebnia sociale, ky dokument \u00ebsht\u00eb i pap\u00ebrshtatsh\u00ebm p\u00ebr t\u00eb qet\u00ebsuar njer\u00ebzit&#8221;, \u00ebsht\u00eb shprehur, Ulrich Schneider, kreu i organizat\u00ebs sociale p\u00ebr rrjetin redaksional gjerman, RND. Sipas Schneider ai \u00ebsht\u00eb nj\u00eb sulm ndaj &#8220;shtyllave baz\u00eb&#8221; t\u00eb shtetit social. &#8220;N\u00eb vend t\u00eb mir\u00ebq\u00ebnies p\u00ebr t\u00eb gjith\u00eb, si e premton ky dokument, ai krijon pasiguri p\u00ebr shum\u00eb vet\u00eb&#8221;, ka theksuar Schneider. Dokumenti parashikon q\u00eb pensioni t\u00eb mbulohet me detyrim edhe nga nj\u00eb investim kapital p\u00ebr pensionet. Mosha e pensionit duhet t\u00eb p\u00ebrshtatet me pritshm\u00ebrin\u00eb e jet\u00ebgjat\u00ebsis\u00eb. Sekretari i P\u00ebrgjithsh\u00ebm i CDU-s\u00eb, Carsten Linnemann parashikon q\u00eb kjo nuk do t\u00eb thot\u00eb q\u00eb mosha e pensionit t\u00eb rritet, sepse jet\u00ebgjat\u00ebsia p\u00ebr momentin nuk jep shenja rritjeje dhe mund edhe t\u00eb ket\u00eb ulje si n\u00eb vende t\u00eb tjera.<\/p>\n<p>la\/tgsch<br \/>\nDW<\/p>\n","protected":false},"excerpt":{"rendered":"<p>Programi i ri parimor i CDU-s\u00eb e ka t\u00eb debatin t\u00eb garantuar. K\u00ebshilli Qendror i Mysliman\u00ebve akuzon CDU se po k\u00ebrkon vota tek ekstremi i djatht\u00eb. T\u00eb tjer\u00eb kritikojn\u00eb aspektin social t\u00eb programit. Kritika nga shoqata e organizata t\u00eb ndryshme ndaj programit t\u00eb ri parimor t\u00eb partis\u00eb m\u00eb t\u00eb madhe opozitare gjermane,CDU.\u00a0Organizata t\u00eb ndryshme\u00a0myslimane\u00a0kan\u00eb kritikuar [&hellip;]<\/p>\n","protected":false},"author":2,"featured_media":66558,"comment_status":"open","ping_status":"open","sticky":false,"template":"","format":"standard","meta":{"footnotes":""},"categories":[12],"tags":[27],"class_list":{"0":"post-66557","1":"post","2":"type-post","3":"status-publish","4":"format-standard","5":"has-post-thumbnail","7":"category-bota","8":"tag-lajme"},"_links":{"self":[{"href":"https:\/\/neutrale.al\/index.php\/wp-json\/wp\/v2\/posts\/66557","targetHints":{"allow":["GET"]}}],"collection":[{"href":"https:\/\/neutrale.al\/index.php\/wp-json\/wp\/v2\/posts"}],"about":[{"href":"https:\/\/neutrale.al\/index.php\/wp-json\/wp\/v2\/types\/post"}],"author":[{"embeddable":true,"href":"https:\/\/neutrale.al\/index.php\/wp-json\/wp\/v2\/users\/2"}],"replies":[{"embeddable":true,"href":"https:\/\/neutrale.al\/index.php\/wp-json\/wp\/v2\/comments?post=66557"}],"version-history":[{"count":1,"href":"https:\/\/neutrale.al\/index.php\/wp-json\/wp\/v2\/posts\/66557\/revisions"}],"predecessor-version":[{"id":66559,"href":"https:\/\/neutrale.al\/index.php\/wp-json\/wp\/v2\/posts\/66557\/revisions\/66559"}],"wp:featuredmedia":[{"embeddable":true,"href":"https:\/\/neutrale.al\/index.php\/wp-json\/wp\/v2\/media\/66558"}],"wp:attachment":[{"href":"https:\/\/neutrale.al\/index.php\/wp-json\/wp\/v2\/media?parent=66557"}],"wp:term":[{"taxonomy":"category","embeddable":true,"href":"https:\/\/neutrale.al\/index.php\/wp-json\/wp\/v2\/categories?post=66557"},{"taxonomy":"post_tag","embeddable":true,"href":"https:\/\/neutrale.al\/index.php\/wp-json\/wp\/v2\/tags?post=66557"}],"curies":[{"name":"wp","href":"https:\/\/api.w.org\/{rel}","templated":true}]}}