{"id":66451,"date":"2023-12-13T11:00:56","date_gmt":"2023-12-13T11:00:56","guid":{"rendered":"https:\/\/neutrale.al\/?p=66451"},"modified":"2023-12-13T11:00:56","modified_gmt":"2023-12-13T11:00:56","slug":"historia-e-kolonel-vuciternes-xhaxhait-te-vjosa-osmanit-qe-u-varros-i-gjalle-ne-keneten-e-maliqit","status":"publish","type":"post","link":"https:\/\/neutrale.al\/index.php\/2023\/12\/13\/historia-e-kolonel-vuciternes-xhaxhait-te-vjosa-osmanit-qe-u-varros-i-gjalle-ne-keneten-e-maliqit\/","title":{"rendered":"Historia e kolonel Vu\u00e7itern\u00ebs, xhaxhait t\u00eb Vjosa Osmanit, q\u00eb u varros i gjall\u00eb n\u00eb k\u00ebnet\u00ebn e Maliqit"},"content":{"rendered":"<p>Pasi la Kosov\u00ebn, Sulejman Vu\u00e7iterna, erdhi e u vendos n\u00eb Tiran\u00eb pran\u00eb familjes tij n\u00eb sht\u00ebpin\u00eb q\u00eb e kishte nd\u00ebrtuar vet\u00eb (aty ku sot \u00ebsht\u00eb ambasada greke) q\u00eb nga fillimi i viteve \u201830-t\u00eb. Ai as q\u00eb e kishte menduar kurr\u00eb at\u00eb \u00e7ka do i ndodhte m\u00eb von\u00eb pas ardhjes n\u00eb sht\u00ebpin\u00eb e tij (arrestimin), sepse gjat\u00eb gjith\u00eb karrier\u00ebs s\u00eb tij ushtarake, kishte punuar dhe luftuar vet\u00ebm p\u00ebr Shqip\u00ebrin\u00eb dhe p\u00ebr at\u00eb gj\u00eb, ishte d\u00ebnuar me vdekje nga forcat \u00e7etnike \u2013 komuniste (serbo- malazeze), gjat\u00eb koh\u00ebs q\u00eb kishte luftuar kund\u00ebr Drazha Mihajllovi\u00e7it n\u00eb Kosov\u00eb. K\u00ebshtu ai duke e ndjer\u00eb vet\u00ebn krejt t\u00eb past\u00ebr p\u00ebr at\u00eb q\u00eb kishte b\u00ebr\u00eb gjat\u00eb gjith\u00eb jet\u00ebs tij, u kthye n\u00eb sht\u00ebpin\u00eb e tij n\u00eb Tiran\u00eb tep\u00ebr i vet\u00ebdijsh\u00ebm. Por llogarit\u00eb e kolonel Vu\u00e7itern\u00ebs duket se nuk \u201ckuadronin\u201d aspak me ato t\u00eb komunist\u00ebve q\u00eb kishin ardhur n\u00eb pushtet dhe mezi prisnin p\u00ebr t\u00eb lar\u00eb hesapet me ata q\u00eb i konsideronin si \u201ckund\u00ebrshtar\u00eb politik apo armiq t\u00eb popullit\u201d. K\u00ebshtu pak dit\u00eb pas ardhjes tij n\u00eb Tiran\u00eb, akoma pa u \u00e7mallur mir\u00eb me familjen, aty nga mesnata e 14 n\u00ebntorit t\u00eb 1944-\u00ebs, kur gjerman\u00ebt ende nuk ishin larguar nga kryeqyteti, n\u00eb sht\u00ebpin\u00eb e tij u paraqit nj\u00eb skuad\u00ebr speciale partizan\u00ebsh e cila e arrestoi duke i`u th\u00ebn\u00eb familjes: \u201cSa p\u00ebr nj\u00eb sqarim n\u00eb komand\u00eb.\u201d Pas k\u00ebsaj skuadra speciale e partizan\u00ebve e bashkoi me disa \u201ckoleg\u00eb\u201d t\u00eb tjer\u00eb, dhe ashtu t\u00eb lidhur me zinxhir\u00eb tre nga tre, n\u00eb k\u00ebmb\u00eb i nisi p\u00ebr n\u00eb Shupal, rr\u00ebz\u00eb malit t\u00eb Dajtit, ku disa baraka t\u00eb vjetra tip kazeramsh ushtrie q\u00eb ruheshin nga partizan\u00eb t\u00eb armatosur, sh\u00ebrbenin si burg. N\u00eb ato kazerma ku mbaheshin t\u00eb arrestuar edhe dhjetra persona t\u00eb tjer\u00eb (shumica ish funksionar\u00eb t\u00eb lart\u00eb t\u00eb qeverive shqiptare q\u00eb nga koha e Ismail Qemalit), si ministra, deputet\u00eb, prefekt\u00eb, ushtarak\u00eb madhor\u00eb etj, Sulejmani q\u00ebndroi deri n\u00eb dat\u00ebn 21 n\u00ebntor, kur po ashtu t\u00eb lidhur tre nga tre i nis\u00ebn p\u00ebrs\u00ebri n\u00eb k\u00ebmb\u00eb p\u00ebr n\u00eb Tiran\u00eb, duke i \u201csistemuar\u201d tek burgu i vjet\u00ebr (sot \u201cMine Peza\u201d).<\/p>\n<p>N\u00eb gjygjin Special, 30 vjet burg<\/p>\n<p>N\u00eb Burgun e Vjet\u00ebr t\u00eb Tiran\u00ebs, p\u00ebr kat\u00ebr muaj, kolonel Sulejman Vu\u00e7iterna iu n\u00ebnshtrua torturave \u00e7\u2019njerzore deri sa doli n\u00eb Gjygjin Special, i cili u hap n\u00eb fillimin e muajit mars 1945. Senac\u00ebs gjygj\u00ebsore p\u00ebr Sulejmanin u zhvillua n\u00eb dat\u00ebn 29 mars, ku pati disa replika t\u00eb nd\u00ebrsjellta n\u00eb mes tij dhe Prokurorit Bedri Spahiu. N\u00eb at\u00eb gjyq avokat i Sulejmanit u caktua Spiro Stringa, i cili me profesionaliz\u00ebm t\u00eb lart\u00eb b\u00ebri t\u00eb pamundur\u00ebn p\u00ebr ta leht\u00ebsuar klientin e tij, duke gjetur si d\u00ebshmitar\u00eb p\u00ebr ta mbrojtur at\u00eb, disa persona, si: Hajri Jegenin, Gjon Llambushin e Fehmi Poshin. Po k\u00ebshtu nj\u00eb mbrojtje t\u00eb madhe i b\u00ebri Sulejmanit, Habibe Delli, (n\u00ebna e Xhezmi Dellit, komunist \u201cHero i Popullit\u201d), e cila ishte fqinje me familjen Vu\u00e7iterna. Ajo shkoi vet\u00eb dhe deklaroi n\u00eb sall\u00ebn e gjygjit (pa e th\u00ebrritur njeri), duke u shprehur: \u201cSulejmanin e njoh si njeri t\u00eb ndersh\u00ebm dhe shum\u00eb korrekt, pasi e kam komshi. Duke qen\u00eb oficer i lart\u00eb, n\u00eb nj\u00eb rast e di q\u00eb ai i ka sh\u00ebrbyer L\u00ebvizjes. Kur Xhezmiut i ishte p\u00ebrgatitur pusia, ai i shp\u00ebtoi rrethimit, fal\u00eb informacionit t\u00eb zotit Sulejman, si dhe d\u00ebrgimit t\u00eb atij municioni qoft\u00eb dhe t\u00eb vog\u00ebl q\u00eb ai kishte me vete. Ai ishte simpatizant i L\u00ebvizjes Nacional\u00e7lirimtare, por vet\u00eb nuk doli n\u00eb mal t\u00eb luftonte, se ishte me nj\u00eb veshk\u00eb. P\u00ebrse ky njeri duhet t\u00eb jet\u00eb n\u00eb bank\u00ebn e t\u00eb akuzuar\u00ebve si kriminel\u00eb?\u201d Pas k\u00ebsaj, Gjygji Special, e d\u00ebnoi Sulejmanin me 30 vite burg e pun\u00eb t\u00eb detyruar s\u00eb bashku me Sokrat Dodbib\u00ebn, Et`hem Car\u00ebn, Anton Kozma\u00e7in, Sami Kok\u00ebn, Mihal Zallarin, Ndoc Nara\u00e7in e Laz\u00ebr Radin. Sulejmani nuk \u201cpati fatin\u201d t`a plot\u00ebsonte dot d\u00ebnimin e dh\u00ebn\u00eb, sepse vdiq m\u00eb 15 tetor t\u00eb vitit 1945 n\u00eb kampin e Vlo\u00e7ishtit, n\u00eb k\u00ebnet\u00ebn e Maliqit ku vuante d\u00ebnimin, duke prer\u00eb vet\u00eb gishtat e k\u00ebmb\u00ebs me bel. Sipas disa d\u00ebshmive nga bashk\u00ebvuajt\u00ebs t\u00eb tij n\u00eb at\u00eb burg, Komandanti i Kampit, Tasi Marko, nuk pranoi k\u00ebrkes\u00ebn e mjekut Hysenbegasi, p\u00ebr ta d\u00ebrguar Sulejmanin n\u00eb spitalin e Kor\u00e7\u00ebs, por e varros\u00ebn ashtu gjys\u00ebm t\u00eb gjall\u00eb, pa i dal\u00eb akoma shpirti n\u00eb nj\u00eb grop\u00eb buz\u00eb kallamishteve t\u00eb k\u00ebnet\u00ebs s\u00eb Maliqit, p\u00ebr t\u00eb mos u gjetur kurr\u00eb eshtrat e tija.<\/p>\n<p>Nga Kujtim Cekani<\/p>\n","protected":false},"excerpt":{"rendered":"<p>Pasi la Kosov\u00ebn, Sulejman Vu\u00e7iterna, erdhi e u vendos n\u00eb Tiran\u00eb pran\u00eb familjes tij n\u00eb sht\u00ebpin\u00eb q\u00eb e kishte nd\u00ebrtuar vet\u00eb (aty ku sot \u00ebsht\u00eb ambasada greke) q\u00eb nga fillimi i viteve \u201830-t\u00eb. Ai as q\u00eb e kishte menduar kurr\u00eb at\u00eb \u00e7ka do i ndodhte m\u00eb von\u00eb pas ardhjes n\u00eb sht\u00ebpin\u00eb e tij (arrestimin), sepse [&hellip;]<\/p>\n","protected":false},"author":2,"featured_media":66452,"comment_status":"open","ping_status":"open","sticky":false,"template":"","format":"standard","meta":{"footnotes":""},"categories":[1],"tags":[],"class_list":{"0":"post-66451","1":"post","2":"type-post","3":"status-publish","4":"format-standard","5":"has-post-thumbnail","7":"category-te-tjera"},"_links":{"self":[{"href":"https:\/\/neutrale.al\/index.php\/wp-json\/wp\/v2\/posts\/66451","targetHints":{"allow":["GET"]}}],"collection":[{"href":"https:\/\/neutrale.al\/index.php\/wp-json\/wp\/v2\/posts"}],"about":[{"href":"https:\/\/neutrale.al\/index.php\/wp-json\/wp\/v2\/types\/post"}],"author":[{"embeddable":true,"href":"https:\/\/neutrale.al\/index.php\/wp-json\/wp\/v2\/users\/2"}],"replies":[{"embeddable":true,"href":"https:\/\/neutrale.al\/index.php\/wp-json\/wp\/v2\/comments?post=66451"}],"version-history":[{"count":1,"href":"https:\/\/neutrale.al\/index.php\/wp-json\/wp\/v2\/posts\/66451\/revisions"}],"predecessor-version":[{"id":66453,"href":"https:\/\/neutrale.al\/index.php\/wp-json\/wp\/v2\/posts\/66451\/revisions\/66453"}],"wp:featuredmedia":[{"embeddable":true,"href":"https:\/\/neutrale.al\/index.php\/wp-json\/wp\/v2\/media\/66452"}],"wp:attachment":[{"href":"https:\/\/neutrale.al\/index.php\/wp-json\/wp\/v2\/media?parent=66451"}],"wp:term":[{"taxonomy":"category","embeddable":true,"href":"https:\/\/neutrale.al\/index.php\/wp-json\/wp\/v2\/categories?post=66451"},{"taxonomy":"post_tag","embeddable":true,"href":"https:\/\/neutrale.al\/index.php\/wp-json\/wp\/v2\/tags?post=66451"}],"curies":[{"name":"wp","href":"https:\/\/api.w.org\/{rel}","templated":true}]}}