{"id":66153,"date":"2023-12-08T16:38:01","date_gmt":"2023-12-08T16:38:01","guid":{"rendered":"https:\/\/neutrale.al\/?p=66153"},"modified":"2023-12-08T16:38:01","modified_gmt":"2023-12-08T16:38:01","slug":"aurora-damini-refleksion-per-8-dhjetorin-e-vrare","status":"publish","type":"post","link":"https:\/\/neutrale.al\/index.php\/2023\/12\/08\/aurora-damini-refleksion-per-8-dhjetorin-e-vrare\/","title":{"rendered":"Aurora Damini\/ Refleksion p\u00ebr 8 Dhjetorin e vrar\u00eb&#8230;"},"content":{"rendered":"<p>T\u00eb gjith\u00eb e dim\u00eb dhe e kemi p\u00ebrjetuar 8 Dhjetorin 1990. At\u00ebher\u00eb kur nje grup i madh student\u00ebsh e pedagog\u00ebsh shperthyen ne protesta masive kunder pushtetit me te eger diktatorial te Evropes per te sjelle demokracine, flladin e lirise dhe vendosur nje qeveri demokratike.<br \/>\nKaluan 33 vjet&#8230;perpjekje, mundime, sfilitje, baltosje, zhgenjime&#8230;<br \/>\nKu jane sot dhjetoristet e 90-es?! Ca tradhetuan idealet e lirise dhe u baltosen me pushtet, ca u zhgenjyen dhe moren rruget e hirta e sfilitese te emigracionit, ca kane vdekur semundjeve dhe aksidenteve te jetes, ca &#8221; jetojne&#8221; gjysem te vdekur e te gjalle&#8230;<br \/>\nSot neper statuse fb te gjithe kane shkruar krenarisht per 8 Dhjetorin. Madje dhe ata &#8221; gjememedhenjte&#8221; e sotem, bijte e eterve gjakpires komuniste. Edhe kryeministri yne pershendeti 8 Dhjetorin si Ishtar tij. E per pasoje gjithe turma qorre e mortore e drejtuesve servile te pushtetit te tij te kalbur.<br \/>\nSi tha nje emigrant?! &#8221; Kur ika nga Shqiperia ne 1990 lashe Gramoz Rudin minister te brendshem, kur u ktheva ne 2020 gjeta serish Gramoz Rucin kryeparlamentar&#8221;.<br \/>\nAs rotacion nuk po bejme me, jo me revolucion&#8230;<br \/>\nUne nuk pata fatin te protestoja ne rruget e Tiranes ne 8 dhjetor 1990 si studentet e tjere. Nuk kisha fatin te isha student. Isha ne moshe per I tille, kisha mesataren e larte, por nuk permbushja nje kriter kryesor: biografine e mire. Une isha armik I klases, bir I paraardhesve te mi burgosur ne Spac..  Por gjithsesi protestova fort per demokracine. Kisha edhe me shume arsye se ata qindra studente te guximshem e me ideale te larta.<br \/>\nSepse e urreja ate rend, ate qeveri dictatoriale.<br \/>\nNe fakt e kam urryer gjithmone. Qysh ne paralindjen time. I ngjizur ne barkun e sime meje si &#8221; kelysh armiku&#8221;. E kam urryer femije I klases se 4, kur nuk me dhane flete nderi, megjithese me I miri.<br \/>\nPastaj urrejtja ime u shtua edhe me, ne mbarimin e klases se 8 kur nuk me dhane burse per te vazhduar studimet e mesme. Perpjekjet e mia titanike per te studiuar, qendruan deri me mbarimin e shkolles se mesme.<br \/>\n&#8221; Boll me!&#8221; Nje pinjoll armik nuk mund te shkoje ne Universitet. Ndaj nuk isha ne ate proteste. Une opozitari qysh ne paralindje&#8230; Une e urrej fort kete qeveri qe nuk ndryshon aspak nga ajo e eterve te tyre. Madje I ruajne ende si relike te shenjta.<br \/>\nI urrej dhe kur fillova pune si economist I mesem ne nje fshat te larget dhe &#8221; gogoli&#8221; biografi me hoqi menjehere. Ashtu ndodhi atehere. Sot, bijte e tyre me hoqen serish nga puna, megjithese I mireshkolluar&#8230;Serish biografia&#8230;<br \/>\nUne s&#8217;i perkas turmes ushtare militante, njerezve te paformuar dhe medioker, te paarsimuar ose &#8221; te armatosur&#8221; me diploma te blera. Une gjithcka e kam mbeshtetur ne aftesine  time profesionale, forcen e karakterit dhe djerses sime te ndershme&#8230;<br \/>\nNdaj per hir te nje pakice si une, qe kerkon fort ndryshimin dhe shpirtin e lire demokratik, per hir te atyre qindrave dhjetoriste qe kane marre arratine neper bote, sepse vendi i tyre nuk i mbajti, per ata intelektuale qe nuk jane bere pis nga pushteti, boll me&#8230;<br \/>\n8 Dhjetorin e kan\u00eb vrar\u00eb&#8230;<\/p>\n","protected":false},"excerpt":{"rendered":"<p>T\u00eb gjith\u00eb e dim\u00eb dhe e kemi p\u00ebrjetuar 8 Dhjetorin 1990. At\u00ebher\u00eb kur nje grup i madh student\u00ebsh e pedagog\u00ebsh shperthyen ne protesta masive kunder pushtetit me te eger diktatorial te Evropes per te sjelle demokracine, flladin e lirise dhe vendosur nje qeveri demokratike. Kaluan 33 vjet&#8230;perpjekje, mundime, sfilitje, baltosje, zhgenjime&#8230; Ku jane sot dhjetoristet [&hellip;]<\/p>\n","protected":false},"author":2,"featured_media":66154,"comment_status":"open","ping_status":"open","sticky":false,"template":"","format":"standard","meta":{"footnotes":""},"categories":[1],"tags":[],"class_list":{"0":"post-66153","1":"post","2":"type-post","3":"status-publish","4":"format-standard","5":"has-post-thumbnail","7":"category-te-tjera"},"_links":{"self":[{"href":"https:\/\/neutrale.al\/index.php\/wp-json\/wp\/v2\/posts\/66153","targetHints":{"allow":["GET"]}}],"collection":[{"href":"https:\/\/neutrale.al\/index.php\/wp-json\/wp\/v2\/posts"}],"about":[{"href":"https:\/\/neutrale.al\/index.php\/wp-json\/wp\/v2\/types\/post"}],"author":[{"embeddable":true,"href":"https:\/\/neutrale.al\/index.php\/wp-json\/wp\/v2\/users\/2"}],"replies":[{"embeddable":true,"href":"https:\/\/neutrale.al\/index.php\/wp-json\/wp\/v2\/comments?post=66153"}],"version-history":[{"count":1,"href":"https:\/\/neutrale.al\/index.php\/wp-json\/wp\/v2\/posts\/66153\/revisions"}],"predecessor-version":[{"id":66155,"href":"https:\/\/neutrale.al\/index.php\/wp-json\/wp\/v2\/posts\/66153\/revisions\/66155"}],"wp:featuredmedia":[{"embeddable":true,"href":"https:\/\/neutrale.al\/index.php\/wp-json\/wp\/v2\/media\/66154"}],"wp:attachment":[{"href":"https:\/\/neutrale.al\/index.php\/wp-json\/wp\/v2\/media?parent=66153"}],"wp:term":[{"taxonomy":"category","embeddable":true,"href":"https:\/\/neutrale.al\/index.php\/wp-json\/wp\/v2\/categories?post=66153"},{"taxonomy":"post_tag","embeddable":true,"href":"https:\/\/neutrale.al\/index.php\/wp-json\/wp\/v2\/tags?post=66153"}],"curies":[{"name":"wp","href":"https:\/\/api.w.org\/{rel}","templated":true}]}}