{"id":65952,"date":"2023-12-06T10:51:14","date_gmt":"2023-12-06T10:51:14","guid":{"rendered":"https:\/\/neutrale.al\/?p=65952"},"modified":"2023-12-06T10:51:14","modified_gmt":"2023-12-06T10:51:14","slug":"konkursi-nderkombetar-per-qendren-multifunksionale-te-lumit-vjosa-rama-leksionet-morale-se-si-duhet-te-sillemi-me-natyren-qeveria-jone-nuk-i-pranon-dot","status":"publish","type":"post","link":"https:\/\/neutrale.al\/index.php\/2023\/12\/06\/konkursi-nderkombetar-per-qendren-multifunksionale-te-lumit-vjosa-rama-leksionet-morale-se-si-duhet-te-sillemi-me-natyren-qeveria-jone-nuk-i-pranon-dot\/","title":{"rendered":"Konkursi Nd\u00ebrkomb\u00ebtar p\u00ebr Qendr\u00ebn Multifunksionale t\u00eb lumit Vjosa\/ Rama; Leksionet morale se si duhet t\u00eb sillemi me natyr\u00ebn, qeveria jon\u00eb nuk i pranon dot!"},"content":{"rendered":"<p>Kryeministri Edi Rama ishte i pranish\u00ebm n\u00eb prezantimin e tre ideve finaliste t\u00eb Konkursit Nd\u00ebrkomb\u00ebtar t\u00eb Qendr\u00ebs Multifunksionale dhe Stacioneve t\u00eb Informimit p\u00ebr Parkun Komb\u00ebtar t\u00eb Vjos\u00ebs.\u00a0<\/p>\n<p>Gjat\u00eb fjal\u00ebs s\u00eb tij, Rama tha se qeveria e tij nuk pranon leksione morale nga europian\u00ebt, pasi sipas tij edhe ata kan\u00eb pasur lumenj t\u00eb eg\u00ebr, por q\u00eb i kan\u00eb \u201czbutur\u201d rrug\u00ebs p\u00ebr q\u00ebllime t\u00eb caktuara.\u00a0<\/p>\n<p>\u201cNuk ka asnj\u00eb vend, se bota \u00ebsht\u00eb e madhe p\u00ebr t\u00eb folur me siguri, q\u00eb t\u00eb ket\u00eb nj\u00eb park komb\u00ebtar q\u00eb e p\u00ebrshkon trupin e vendit. Nuk ka asnj\u00eb vend ne Europ\u00eb sot q\u00eb t\u00eb ket\u00eb lum\u00eb t\u00eb eg\u00ebr, gj\u00eb p\u00ebr t\u00eb cil\u00ebn shpesh her\u00eb kemi qen\u00eb t\u00eb detyruar q\u00eb t\u2019u kujtojm\u00eb miqve europiane, q\u00eb duhet ruajtur lumi m\u00eb i eg\u00ebr. Por patjet\u00ebr q\u00eb duhet ruajtur, por m\u00eb par\u00eb q\u00eb t\u00eb na japin leksionet, duhet t\u00eb kujtohen se t\u00eb eg\u00ebr kan\u00eb qen\u00eb lumenjt\u00eb e Europ\u00ebs, por ata i kan\u00eb zbutur p\u00ebr q\u00ebllime q\u00eb nuk kan\u00eb qen\u00eb p\u00ebr mbrojtjen e natyr\u00ebs. Jemi mir\u00ebnjoh\u00ebs p\u00ebr nxitjen, inkurajimin, p\u00ebr gjith\u00e7ka q\u00eb jemi mundur t\u00eb m\u00ebsojm\u00eb n\u00eb nj\u00eb proces q\u00eb nuk ka qen\u00eb i leht\u00eb, deri n\u00eb transformimin e Vjos\u00ebs n\u00eb nj\u00eb park komb\u00ebtar. Ne nuk mund t\u00eb mos e themi q\u00eb leksionet morale se si duhet t\u00eb sillemi me natyr\u00ebn, qeveria jon\u00eb nuk i pranon dot! S\u2019i pranon dot, aq m\u00eb tep\u00ebr n\u00eb nj\u00eb bot\u00eb ku ndot\u00ebsit m\u00eb t\u00eb m\u00ebdhenj, dhe burimet e rrezikut p\u00ebr mjedisin, n\u00eb kushtet e nj\u00eb p\u00ebrpjekje globale, p\u00ebrball\u00eb ndryshimeve klimatike, jan\u00eb nj\u00eb pjes\u00eb e madhe e atyre q\u00eb b\u00ebjn\u00eb moralin m\u00eb insistues\u201d, tha kreu i qeveris\u00eb.<\/p>\n","protected":false},"excerpt":{"rendered":"<p>Kryeministri Edi Rama ishte i pranish\u00ebm n\u00eb prezantimin e tre ideve finaliste t\u00eb Konkursit Nd\u00ebrkomb\u00ebtar t\u00eb Qendr\u00ebs Multifunksionale dhe Stacioneve t\u00eb Informimit p\u00ebr Parkun Komb\u00ebtar t\u00eb Vjos\u00ebs.\u00a0 Gjat\u00eb fjal\u00ebs s\u00eb tij, Rama tha se qeveria e tij nuk pranon leksione morale nga europian\u00ebt, pasi sipas tij edhe ata kan\u00eb pasur lumenj t\u00eb eg\u00ebr, por q\u00eb [&hellip;]<\/p>\n","protected":false},"author":2,"featured_media":65953,"comment_status":"open","ping_status":"open","sticky":false,"template":"","format":"standard","meta":{"footnotes":""},"categories":[118],"tags":[],"class_list":{"0":"post-65952","1":"post","2":"type-post","3":"status-publish","4":"format-standard","5":"has-post-thumbnail","7":"category-kryesore"},"_links":{"self":[{"href":"https:\/\/neutrale.al\/index.php\/wp-json\/wp\/v2\/posts\/65952","targetHints":{"allow":["GET"]}}],"collection":[{"href":"https:\/\/neutrale.al\/index.php\/wp-json\/wp\/v2\/posts"}],"about":[{"href":"https:\/\/neutrale.al\/index.php\/wp-json\/wp\/v2\/types\/post"}],"author":[{"embeddable":true,"href":"https:\/\/neutrale.al\/index.php\/wp-json\/wp\/v2\/users\/2"}],"replies":[{"embeddable":true,"href":"https:\/\/neutrale.al\/index.php\/wp-json\/wp\/v2\/comments?post=65952"}],"version-history":[{"count":2,"href":"https:\/\/neutrale.al\/index.php\/wp-json\/wp\/v2\/posts\/65952\/revisions"}],"predecessor-version":[{"id":65955,"href":"https:\/\/neutrale.al\/index.php\/wp-json\/wp\/v2\/posts\/65952\/revisions\/65955"}],"wp:featuredmedia":[{"embeddable":true,"href":"https:\/\/neutrale.al\/index.php\/wp-json\/wp\/v2\/media\/65953"}],"wp:attachment":[{"href":"https:\/\/neutrale.al\/index.php\/wp-json\/wp\/v2\/media?parent=65952"}],"wp:term":[{"taxonomy":"category","embeddable":true,"href":"https:\/\/neutrale.al\/index.php\/wp-json\/wp\/v2\/categories?post=65952"},{"taxonomy":"post_tag","embeddable":true,"href":"https:\/\/neutrale.al\/index.php\/wp-json\/wp\/v2\/tags?post=65952"}],"curies":[{"name":"wp","href":"https:\/\/api.w.org\/{rel}","templated":true}]}}