{"id":65940,"date":"2023-12-06T10:17:21","date_gmt":"2023-12-06T10:17:21","guid":{"rendered":"https:\/\/neutrale.al\/?p=65940"},"modified":"2023-12-06T10:17:21","modified_gmt":"2023-12-06T10:17:21","slug":"tirane-perndoqi-nje-shtetase-per-disa-muaj-dhe-ushtroi-dhune-ndaj-saj-kapet-dhe-vihet-ne-pranga-33-vjecari","status":"publish","type":"post","link":"https:\/\/neutrale.al\/index.php\/2023\/12\/06\/tirane-perndoqi-nje-shtetase-per-disa-muaj-dhe-ushtroi-dhune-ndaj-saj-kapet-dhe-vihet-ne-pranga-33-vjecari\/","title":{"rendered":"Tiran\u00eb\/ P\u00ebrndoqi nj\u00eb shtetase p\u00ebr disa muaj dhe ushtroi dhun\u00eb ndaj saj, kapet dhe vihet n\u00eb pranga 33-vje\u00e7ari."},"content":{"rendered":"<p>Detajet-Njoftimi zyrtar:<\/p>\n<p>Finalizohet nga Komisariati i Policis\u00eb Nr. 4, operacioni policor i koduar &#8220;Following&#8221;.   <\/p>\n<p>P\u00ebrndoqi p\u00ebr disa muaj nj\u00eb shtetase, ushtroi dhun\u00eb ndaj saj dhe e kanosi q\u00eb t\u00eb t\u00ebrhiqte kall\u00ebzimin e b\u00ebr\u00eb ndaj tij, kapet dhe vihet n\u00eb pranga 33-vje\u00e7ari.       <\/p>\n<p>Sh\u00ebrbimet e Komisariatit t\u00eb Policis\u00eb Nr. 4, n\u00eb vijim t\u00eb pun\u00ebs p\u00ebr goditjen e paligjshm\u00ebrive n\u00eb \u00e7do form\u00eb t\u00eb tyre, pas kall\u00ebzimit t\u00eb b\u00ebr\u00eb nga nj\u00eb shtetase 24 vje\u00e7e se ish i dashuri i saj e kishte p\u00ebrndjekur n\u00eb m\u00ebnyr\u00eb t\u00eb vazhdueshme, kishte ushtruar dhun\u00eb ndaj saj dhe e kishte kanosur p\u00ebr t\u00eb t\u00ebrhequr kall\u00ebzimin q\u00eb ajo kishte b\u00ebr\u00eb ndaj tij, menj\u00ebher\u00eb kan\u00eb organizuar dhe finalizuar operacionin policor t\u00eb koduar &#8220;Following&#8221;. N\u00eb kuad\u00ebr t\u00eb k\u00ebtij operacioni, n\u00eb bashk\u00ebpunim me Komisariatin e Policis\u00eb Lushnj\u00eb, u b\u00eb kapja dhe ndalimi i shtetasit:        <\/p>\n<p>E. C., 33 vje\u00e7, banues n\u00eb Lushnj\u00eb. <\/p>\n<p>Ky shtetas dyshohet se ka p\u00ebrndjekur 24-vje\u00e7aren, ka ushtruar dhun\u00eb ndaj saj dhe e ka kanosur q\u00eb t\u00eb t\u00ebrhiqte kall\u00ebzimin q\u00eb ajo ka b\u00ebr\u00eb ndaj tij, disa dit\u00eb m\u00eb par\u00eb.    <\/p>\n<p>Materialet procedurale i kaluan Prokuroris\u00eb pran\u00eb Gjykat\u00ebs s\u00eb Shkall\u00ebs s\u00eb Par\u00eb t\u00eb Juridiksionit t\u00eb P\u00ebrgjithsh\u00ebm Tiran\u00eb, p\u00ebr veprime t\u00eb m\u00ebtejshme.<\/p>\n","protected":false},"excerpt":{"rendered":"<p>Detajet-Njoftimi zyrtar: Finalizohet nga Komisariati i Policis\u00eb Nr. 4, operacioni policor i koduar &#8220;Following&#8221;. P\u00ebrndoqi p\u00ebr disa muaj nj\u00eb shtetase, ushtroi dhun\u00eb ndaj saj dhe e kanosi q\u00eb t\u00eb t\u00ebrhiqte kall\u00ebzimin e b\u00ebr\u00eb ndaj tij, kapet dhe vihet n\u00eb pranga 33-vje\u00e7ari. Sh\u00ebrbimet e Komisariatit t\u00eb Policis\u00eb Nr. 4, n\u00eb vijim t\u00eb pun\u00ebs p\u00ebr goditjen e [&hellip;]<\/p>\n","protected":false},"author":2,"featured_media":65941,"comment_status":"open","ping_status":"open","sticky":false,"template":"","format":"standard","meta":{"footnotes":""},"categories":[117],"tags":[27],"class_list":{"0":"post-65940","1":"post","2":"type-post","3":"status-publish","4":"format-standard","5":"has-post-thumbnail","7":"category-aktualitet","8":"tag-lajme"},"_links":{"self":[{"href":"https:\/\/neutrale.al\/index.php\/wp-json\/wp\/v2\/posts\/65940","targetHints":{"allow":["GET"]}}],"collection":[{"href":"https:\/\/neutrale.al\/index.php\/wp-json\/wp\/v2\/posts"}],"about":[{"href":"https:\/\/neutrale.al\/index.php\/wp-json\/wp\/v2\/types\/post"}],"author":[{"embeddable":true,"href":"https:\/\/neutrale.al\/index.php\/wp-json\/wp\/v2\/users\/2"}],"replies":[{"embeddable":true,"href":"https:\/\/neutrale.al\/index.php\/wp-json\/wp\/v2\/comments?post=65940"}],"version-history":[{"count":1,"href":"https:\/\/neutrale.al\/index.php\/wp-json\/wp\/v2\/posts\/65940\/revisions"}],"predecessor-version":[{"id":65942,"href":"https:\/\/neutrale.al\/index.php\/wp-json\/wp\/v2\/posts\/65940\/revisions\/65942"}],"wp:featuredmedia":[{"embeddable":true,"href":"https:\/\/neutrale.al\/index.php\/wp-json\/wp\/v2\/media\/65941"}],"wp:attachment":[{"href":"https:\/\/neutrale.al\/index.php\/wp-json\/wp\/v2\/media?parent=65940"}],"wp:term":[{"taxonomy":"category","embeddable":true,"href":"https:\/\/neutrale.al\/index.php\/wp-json\/wp\/v2\/categories?post=65940"},{"taxonomy":"post_tag","embeddable":true,"href":"https:\/\/neutrale.al\/index.php\/wp-json\/wp\/v2\/tags?post=65940"}],"curies":[{"name":"wp","href":"https:\/\/api.w.org\/{rel}","templated":true}]}}