{"id":65877,"date":"2023-12-05T11:24:04","date_gmt":"2023-12-05T11:24:04","guid":{"rendered":"https:\/\/neutrale.al\/?p=65877"},"modified":"2023-12-05T11:24:04","modified_gmt":"2023-12-05T11:24:04","slug":"studimi-ja-sa-shpejt-evropa-mund-te-goditet-nga-megathatesira","status":"publish","type":"post","link":"https:\/\/neutrale.al\/index.php\/2023\/12\/05\/studimi-ja-sa-shpejt-evropa-mund-te-goditet-nga-megathatesira\/","title":{"rendered":"Studimi: Ja sa shpejt Evropa mund t\u00eb goditet nga \u201cmegathat\u00ebsira\u201d"},"content":{"rendered":"<p>Val\u00ebt e t\u00eb nxehtit do t\u00eb b\u00ebhen m\u00eb ekstreme brenda pak vitesh, sipas nj\u00eb studimi t\u00eb ri gjerman.<\/p>\n<p>Nxeht\u00ebsia dhe that\u00ebsira q\u00eb do t\u00eb kishin qen\u00eb t\u00eb paimagjinueshme vet\u00ebm 20 vjet m\u00eb par\u00eb do t\u00eb b\u00ebhen m\u00eb t\u00eb mundshme n\u00eb Evrop\u00eb \u2013 q\u00eb n\u00eb vitin 2030, sipas nj\u00eb studimi t\u00eb ri.<\/p>\n<p>N\u00eb nj\u00eb studim t\u00eb ri nga Gjermania, studiuesit kan\u00eb b\u00ebr\u00eb mbi nj\u00ebqind simulime p\u00ebr t\u00eb llogaritur se sa m\u00eb i shpesht\u00eb do t\u00eb jet\u00eb me ngjarje ekstreme t\u00eb motit si that\u00ebsirat dhe val\u00ebt e t\u00eb nxehtit n\u00eb kontinent.<\/p>\n<p>Q\u00eb n\u00eb vitin 2030, nxeht\u00ebsia dhe that\u00ebsira do t\u00eb arrijn\u00eb nivele q\u00eb kishin qen\u00eb t\u00eb paimagjinueshme.<\/p>\n<p>Gjat\u00eb periudh\u00ebs 2050-2074, vihet re gjithashtu nj\u00eb rrezik i shtuar i t\u00eb nxehtit ekstrem dhe that\u00ebsir\u00ebs n\u00eb Evrop\u00eb q\u00eb vazhdon p\u00ebr disa vite me radh\u00eb. Edhe ajo q\u00eb quhet &#8220;mega that\u00ebsir\u00eb&#8221;, pra nj\u00eb that\u00ebsir\u00eb \u200b\u200bpes\u00ebvje\u00e7are, mund t\u00eb b\u00ebhet realitet k\u00ebtu.<\/p>\n<p>Ngrohje 2.25 grad\u00eb<br \/>\n&#8220;Ju mund t\u00eb jeni n\u00eb gjendje t\u00eb p\u00ebrballoni nj\u00eb periudh\u00eb t\u00eb that\u00eb, por disa vite me radh\u00eb me periudha that\u00ebsire t\u00eb p\u00ebrhapura dhe val\u00eb t\u00eb forta t\u00eb t\u00eb nxehtit mund t\u00eb jen\u00eb shum\u00eb. <\/p>\n<p>Ai rrezikon t\u00eb godas\u00eb sh\u00ebndetin e njer\u00ebzve, bujq\u00ebsin\u00eb dhe pyjet, nd\u00ebr t\u00eb tjera\u201d, thot\u00eb Erik Kjellstr\u00f6m, profesor i klimatologjis\u00eb n\u00eb SMHI, p\u00ebr TT .<\/p>\n<p>Shkenc\u00ebtar\u00ebt kan\u00eb besuar m\u00eb par\u00eb se ky lloj moti ekstrem do t\u00eb fillonte t\u00eb godiste kontinentin m\u00eb her\u00ebt nga fundi i shekullit.<\/p>\n<p>Tashm\u00eb sot, sh\u00ebndeti publik n\u00eb bot\u00eb po p\u00ebrkeq\u00ebsohet p\u00ebr shkak t\u00eb ndryshimeve klimatike, p\u00ebr t\u00eb cilat Dagens PS ka raportuar .<\/p>\n<p>N\u00eb studim, studiuesit kan\u00eb supozuar se bota i humbet q\u00ebllimet e Marr\u00ebveshjes s\u00eb Parisit me nj\u00eb diferenc\u00eb t\u00eb madhe &#8211; dhe se ne do t\u00eb zbresim m\u00eb af\u00ebr 2.25 grad\u00eb deri n\u00eb vitin 2100. OKB-ja ka theksuar se ne mund t\u00eb zbresim disi m\u00eb posht\u00eb se kaq &#8211; n\u00ebse vendet e bot\u00ebs fillojn\u00eb t\u00eb p\u00ebrmbushin premtimet e tyre klimatike<\/p>\n","protected":false},"excerpt":{"rendered":"<p>Val\u00ebt e t\u00eb nxehtit do t\u00eb b\u00ebhen m\u00eb ekstreme brenda pak vitesh, sipas nj\u00eb studimi t\u00eb ri gjerman. Nxeht\u00ebsia dhe that\u00ebsira q\u00eb do t\u00eb kishin qen\u00eb t\u00eb paimagjinueshme vet\u00ebm 20 vjet m\u00eb par\u00eb do t\u00eb b\u00ebhen m\u00eb t\u00eb mundshme n\u00eb Evrop\u00eb \u2013 q\u00eb n\u00eb vitin 2030, sipas nj\u00eb studimi t\u00eb ri. N\u00eb nj\u00eb studim t\u00eb [&hellip;]<\/p>\n","protected":false},"author":2,"featured_media":65879,"comment_status":"open","ping_status":"open","sticky":false,"template":"","format":"standard","meta":{"footnotes":""},"categories":[118],"tags":[],"class_list":{"0":"post-65877","1":"post","2":"type-post","3":"status-publish","4":"format-standard","5":"has-post-thumbnail","7":"category-kryesore"},"_links":{"self":[{"href":"https:\/\/neutrale.al\/index.php\/wp-json\/wp\/v2\/posts\/65877","targetHints":{"allow":["GET"]}}],"collection":[{"href":"https:\/\/neutrale.al\/index.php\/wp-json\/wp\/v2\/posts"}],"about":[{"href":"https:\/\/neutrale.al\/index.php\/wp-json\/wp\/v2\/types\/post"}],"author":[{"embeddable":true,"href":"https:\/\/neutrale.al\/index.php\/wp-json\/wp\/v2\/users\/2"}],"replies":[{"embeddable":true,"href":"https:\/\/neutrale.al\/index.php\/wp-json\/wp\/v2\/comments?post=65877"}],"version-history":[{"count":1,"href":"https:\/\/neutrale.al\/index.php\/wp-json\/wp\/v2\/posts\/65877\/revisions"}],"predecessor-version":[{"id":65880,"href":"https:\/\/neutrale.al\/index.php\/wp-json\/wp\/v2\/posts\/65877\/revisions\/65880"}],"wp:featuredmedia":[{"embeddable":true,"href":"https:\/\/neutrale.al\/index.php\/wp-json\/wp\/v2\/media\/65879"}],"wp:attachment":[{"href":"https:\/\/neutrale.al\/index.php\/wp-json\/wp\/v2\/media?parent=65877"}],"wp:term":[{"taxonomy":"category","embeddable":true,"href":"https:\/\/neutrale.al\/index.php\/wp-json\/wp\/v2\/categories?post=65877"},{"taxonomy":"post_tag","embeddable":true,"href":"https:\/\/neutrale.al\/index.php\/wp-json\/wp\/v2\/tags?post=65877"}],"curies":[{"name":"wp","href":"https:\/\/api.w.org\/{rel}","templated":true}]}}