{"id":65487,"date":"2023-11-28T11:07:34","date_gmt":"2023-11-28T11:07:34","guid":{"rendered":"https:\/\/neutrale.al\/?p=65487"},"modified":"2023-11-28T11:07:34","modified_gmt":"2023-11-28T11:07:34","slug":"berisha-ne-vlore-vendos-kurora-me-lule-tek-memoriali-i-ismail-qemalit","status":"publish","type":"post","link":"https:\/\/neutrale.al\/index.php\/2023\/11\/28\/berisha-ne-vlore-vendos-kurora-me-lule-tek-memoriali-i-ismail-qemalit\/","title":{"rendered":"Berisha n\u00eb Vlor\u00eb\/ Vendos kurora me lule tek memoriali i Ismail Qemalit"},"content":{"rendered":"<p>Ish-Presidenti Sali Berisha b\u00ebri homazhe sot n\u00eb Vlor\u00eb me rastin e 111-Vjetorit t\u00eb Shpalljes s\u00eb\u00a0Pavar\u00ebsis\u00eb. Pasi ka vendosur kurora te memoriali i Ismail Qemalit, Berisha tha se, sot, mbar\u00eb shqiptar\u00ebt, kudo q\u00eb jan\u00eb, p\u00ebrulen me mir\u00ebnjohjen m\u00eb t\u00eb pakufishme, nderimin m\u00eb t\u00eb madh, para vepr\u00ebs s\u00eb pavdekshme t\u00eb Ismail Bej Vlor\u00ebs, dit\u00ebs s\u00eb Flamurit Komb\u00ebtar, dit\u00eb e t\u00eb gjitha dit\u00ebve t\u00eb kombit shqiptar.<\/p>\n<p>Me aktin e tij t\u00eb nj\u00eb vizioni dhe kurajo t\u00eb jasht\u00ebzakonshme, Ismail Bej Vlora, b\u00ebri t\u00eb mundur ekzistenc\u00ebn e Shqip\u00ebris\u00eb dhe kombit shqiptar. Pa k\u00ebt\u00eb akt, Shqip\u00ebrin\u00eb dhe shqiptar\u00ebt i prisnin greminat, honet e historis\u00eb. Sot, ata jan\u00eb an\u00ebtar\u00eb t\u00eb NATO-s, Kosova \u00ebsht\u00eb e pavarur.<\/p>\n<p>\u201cG\u00ebzuar qytetar\u00eb dhe qytetare t\u00eb Vlor\u00ebs, g\u00ebzuar shqiptar\u00eb dhe shqiptare kudo q\u00eb jeni, k\u00ebt\u00eb dit\u00eb t\u00eb bekuar, k\u00ebt\u00eb feste t\u00eb t\u00eb gjitha festave tona. Rroft\u00eb flamuri yn\u00eb, nderim p\u00ebrjet\u00eb Ismail Bej Vlor\u00ebs dhe et\u00ebrve t\u00eb pavar\u00ebsis\u00eb!\u201d, ishte urimi kreut t\u00eb PD, Berisha.<\/p>\n","protected":false},"excerpt":{"rendered":"<p>Ish-Presidenti Sali Berisha b\u00ebri homazhe sot n\u00eb Vlor\u00eb me rastin e 111-Vjetorit t\u00eb Shpalljes s\u00eb\u00a0Pavar\u00ebsis\u00eb. Pasi ka vendosur kurora te memoriali i Ismail Qemalit, Berisha tha se, sot, mbar\u00eb shqiptar\u00ebt, kudo q\u00eb jan\u00eb, p\u00ebrulen me mir\u00ebnjohjen m\u00eb t\u00eb pakufishme, nderimin m\u00eb t\u00eb madh, para vepr\u00ebs s\u00eb pavdekshme t\u00eb Ismail Bej Vlor\u00ebs, dit\u00ebs s\u00eb Flamurit Komb\u00ebtar, [&hellip;]<\/p>\n","protected":false},"author":2,"featured_media":65488,"comment_status":"open","ping_status":"open","sticky":false,"template":"","format":"standard","meta":{"footnotes":""},"categories":[1],"tags":[],"class_list":{"0":"post-65487","1":"post","2":"type-post","3":"status-publish","4":"format-standard","5":"has-post-thumbnail","7":"category-te-tjera"},"_links":{"self":[{"href":"https:\/\/neutrale.al\/index.php\/wp-json\/wp\/v2\/posts\/65487","targetHints":{"allow":["GET"]}}],"collection":[{"href":"https:\/\/neutrale.al\/index.php\/wp-json\/wp\/v2\/posts"}],"about":[{"href":"https:\/\/neutrale.al\/index.php\/wp-json\/wp\/v2\/types\/post"}],"author":[{"embeddable":true,"href":"https:\/\/neutrale.al\/index.php\/wp-json\/wp\/v2\/users\/2"}],"replies":[{"embeddable":true,"href":"https:\/\/neutrale.al\/index.php\/wp-json\/wp\/v2\/comments?post=65487"}],"version-history":[{"count":2,"href":"https:\/\/neutrale.al\/index.php\/wp-json\/wp\/v2\/posts\/65487\/revisions"}],"predecessor-version":[{"id":65490,"href":"https:\/\/neutrale.al\/index.php\/wp-json\/wp\/v2\/posts\/65487\/revisions\/65490"}],"wp:featuredmedia":[{"embeddable":true,"href":"https:\/\/neutrale.al\/index.php\/wp-json\/wp\/v2\/media\/65488"}],"wp:attachment":[{"href":"https:\/\/neutrale.al\/index.php\/wp-json\/wp\/v2\/media?parent=65487"}],"wp:term":[{"taxonomy":"category","embeddable":true,"href":"https:\/\/neutrale.al\/index.php\/wp-json\/wp\/v2\/categories?post=65487"},{"taxonomy":"post_tag","embeddable":true,"href":"https:\/\/neutrale.al\/index.php\/wp-json\/wp\/v2\/tags?post=65487"}],"curies":[{"name":"wp","href":"https:\/\/api.w.org\/{rel}","templated":true}]}}