{"id":65310,"date":"2023-11-25T10:07:46","date_gmt":"2023-11-25T10:07:46","guid":{"rendered":"https:\/\/neutrale.al\/?p=65310"},"modified":"2023-11-25T10:07:46","modified_gmt":"2023-11-25T10:07:46","slug":"tritan-shehu-neveri-per-skuthat-e-cimkave-per-brumbujt-frikacake","status":"publish","type":"post","link":"https:\/\/neutrale.al\/index.php\/2023\/11\/25\/tritan-shehu-neveri-per-skuthat-e-cimkave-per-brumbujt-frikacake\/","title":{"rendered":"Tritan Shehu\/ Neveri p\u00ebr &#8220;skuthat e \u00e7imkave\u201d, p\u00ebr brumbujt frikacak\u00eb!"},"content":{"rendered":"<p>Lexoj n\u00eb media disa \u201eregjistrime\u201c tipike p\u00ebr ish sigurimsat e dikursh\u00ebm.<br \/>\nT\u00eb nxjerra k\u00ebto pjes\u00eb-pjes\u00eb mbi fjal\u00ebt e mia, pa dijenin\u00eb time, n\u00eb mbledhjen e grupit parlamentar.<br \/>\nDhe si \u00e7do \u201cskuth\u201d, q\u00eb b\u00ebn k\u00ebt\u00eb ndyr\u00ebsi n\u00eb fsheht\u00ebsi, duke p\u00ebrfituar nga diskutimet e lira, shk\u00ebmbimin kolegjial t\u00eb mendimeve, si\u00e7 duhet t\u00eb jet\u00eb nj\u00eb mbledhje e till\u00eb\u2026<br \/>\nPublikon di\u00e7ka, pa guxuar t\u00eb vendos\u00eb emrin e tij si autor\u00ebsi, as pseudonimin.<br \/>\nPublikon ashtu si i intereson copa t\u00eb nj\u00eb diskutimi t\u00eb lir\u00eb, t\u00eb gjat\u00eb, fragmente t\u00eb asaj, q\u00eb bisedohen midis koleg\u00ebve, e t\u00eb dala k\u00ebto shpesh jasht\u00eb kontekstit.<br \/>\nMe nj\u00eb keqdashje primitive kjo, si burracak, p\u00ebr t\u00eb denigruar\u2026.<br \/>\nPor dhe p\u00ebr t\u2019i dh\u00ebn\u00eb vetes at\u00eb q\u00eb nuk ka, n\u00ebp\u00ebrmjet \u201cfjalimeve patetike\u201d t\u00eb parapregatitura n\u00eb disa skuta.<br \/>\nTipike k\u00ebto metoda p\u00ebr \u201cbrumbujt\u201d frikacak\u00eb, q\u00eb jan\u00eb m\u00ebsuar vet\u00ebm t\u00eb zvarriten.<br \/>\nDhe q\u00eb nga \u201cbalta\u201d ku jan\u00eb zhytur kerkojn\u00eb t\u00eb \u201cpickojn\u00eb\u201d m\u00eb lart\u2026.<br \/>\nUn\u00eb vler\u00ebsimet e mia negative p\u00ebr at\u00eb mareveshje mbi refugjat\u00ebt i kam b\u00ebr\u00eb publike, q\u00eb or\u00ebt e para t\u00eb publikimit t\u00eb saj e n\u00eb vazhdim\u00ebsi, n\u00eb m\u00ebnyr\u00eb konstante.<br \/>\nAshtu si n\u00eb vazhdim\u00ebsi, n\u00eb vite kam dh\u00ebn\u00eb e jap vler\u00ebsimet e mia me superlativa p\u00ebr Italine mike, edhe si ish Minist\u00ebr i Jasht\u00ebm kjo.<br \/>\nGj\u00eb q\u00eb nuk m\u00eb ka penguar aspak ta quaj publikisht krejt t\u00eb gabuar at\u00eb marr\u00ebveshje.<br \/>\nK\u00ebto qendrime ja kam transmetuar personalisht edhe disa institucioneve e koleg\u00ebve t\u00eb nderuar italian\u00eb.<br \/>\nDhe k\u00ebtu q\u00ebndroj, qart\u00ebsisht e me transparenc\u00eb!<br \/>\nPor fatkeq\u00ebsisht qenkemi t\u00eb detyruar t\u00eb bashk\u00ebjetojm\u00eb edhe me \u201eskutha\u201c!<br \/>\nPa identitet k\u00ebta, sepse dhe p\u00ebrball\u00eb identitetit tremben e zhyten n\u00eb pluhur!<\/p>\n","protected":false},"excerpt":{"rendered":"<p>Lexoj n\u00eb media disa \u201eregjistrime\u201c tipike p\u00ebr ish sigurimsat e dikursh\u00ebm. T\u00eb nxjerra k\u00ebto pjes\u00eb-pjes\u00eb mbi fjal\u00ebt e mia, pa dijenin\u00eb time, n\u00eb mbledhjen e grupit parlamentar. Dhe si \u00e7do \u201cskuth\u201d, q\u00eb b\u00ebn k\u00ebt\u00eb ndyr\u00ebsi n\u00eb fsheht\u00ebsi, duke p\u00ebrfituar nga diskutimet e lira, shk\u00ebmbimin kolegjial t\u00eb mendimeve, si\u00e7 duhet t\u00eb jet\u00eb nj\u00eb mbledhje e till\u00eb\u2026 [&hellip;]<\/p>\n","protected":false},"author":2,"featured_media":65311,"comment_status":"open","ping_status":"open","sticky":false,"template":"","format":"standard","meta":{"footnotes":""},"categories":[1],"tags":[],"class_list":{"0":"post-65310","1":"post","2":"type-post","3":"status-publish","4":"format-standard","5":"has-post-thumbnail","7":"category-te-tjera"},"_links":{"self":[{"href":"https:\/\/neutrale.al\/index.php\/wp-json\/wp\/v2\/posts\/65310","targetHints":{"allow":["GET"]}}],"collection":[{"href":"https:\/\/neutrale.al\/index.php\/wp-json\/wp\/v2\/posts"}],"about":[{"href":"https:\/\/neutrale.al\/index.php\/wp-json\/wp\/v2\/types\/post"}],"author":[{"embeddable":true,"href":"https:\/\/neutrale.al\/index.php\/wp-json\/wp\/v2\/users\/2"}],"replies":[{"embeddable":true,"href":"https:\/\/neutrale.al\/index.php\/wp-json\/wp\/v2\/comments?post=65310"}],"version-history":[{"count":1,"href":"https:\/\/neutrale.al\/index.php\/wp-json\/wp\/v2\/posts\/65310\/revisions"}],"predecessor-version":[{"id":65312,"href":"https:\/\/neutrale.al\/index.php\/wp-json\/wp\/v2\/posts\/65310\/revisions\/65312"}],"wp:featuredmedia":[{"embeddable":true,"href":"https:\/\/neutrale.al\/index.php\/wp-json\/wp\/v2\/media\/65311"}],"wp:attachment":[{"href":"https:\/\/neutrale.al\/index.php\/wp-json\/wp\/v2\/media?parent=65310"}],"wp:term":[{"taxonomy":"category","embeddable":true,"href":"https:\/\/neutrale.al\/index.php\/wp-json\/wp\/v2\/categories?post=65310"},{"taxonomy":"post_tag","embeddable":true,"href":"https:\/\/neutrale.al\/index.php\/wp-json\/wp\/v2\/tags?post=65310"}],"curies":[{"name":"wp","href":"https:\/\/api.w.org\/{rel}","templated":true}]}}