{"id":65116,"date":"2023-11-23T10:59:59","date_gmt":"2023-11-23T10:59:59","guid":{"rendered":"https:\/\/neutrale.al\/?p=65116"},"modified":"2023-11-23T10:59:59","modified_gmt":"2023-11-23T10:59:59","slug":"111-tre-njeshat-bashke-rama-shfaqet-superticioz-ne-samitin-e-diaspores-njeshat-e-futbollit-e-cuan-vendin-ne-europe-kur-bashkojme-forcat-asnje-enderr-seshte-e-paarritshme","status":"publish","type":"post","link":"https:\/\/neutrale.al\/index.php\/2023\/11\/23\/111-tre-njeshat-bashke-rama-shfaqet-superticioz-ne-samitin-e-diaspores-njeshat-e-futbollit-e-cuan-vendin-ne-europe-kur-bashkojme-forcat-asnje-enderr-seshte-e-paarritshme\/","title":{"rendered":"&#8220;111, tre nj\u00ebshat bashk\u00eb&#8221;\/ Rama shfaqet superticioz n\u00eb Samitin e Diaspor\u00ebs: Nj\u00ebshat e futbollit e \u00e7uan vendin n\u00eb Europ\u00eb, kur bashkojm\u00eb forcat asnj\u00eb \u00ebnd\u00ebrr s\u2019\u00ebsht\u00eb e paarritshme&#8221;"},"content":{"rendered":"<p>Kryeministri Edi Rama gjat\u00eb fjal\u00ebs n\u00eb samitin e Diaspor\u00ebs q\u00eb mblodhi sot n\u00eb Tiran\u00eb lider\u00eb t\u00eb Ballkanit, tha se kjo ngjarje vjen n\u00eb nj\u00eb moment historik, at\u00eb t\u00eb 111-vjetorit t\u00eb Pavar\u00ebsis\u00eb s\u00eb Shqip\u00ebris\u00eb.<br \/>\nAi solli n\u00eb v\u00ebmendje kualifikimin e Shqip\u00ebris\u00eb p\u00ebr n\u00eb Europian.<br \/>\nKreu i qeveris\u00eb tha se nj\u00ebshat e futbollit u b\u00ebn\u00eb bashk\u00eb p\u00ebr t\u00eb b\u00ebr\u00eb \u00ebndrr\u00ebn realitet.<br \/>\n&#8220;111 thon\u00eb se \u00ebsht\u00eb num\u00ebr unik n\u00eb llojin e vet\u00eb. Bes\u00ebtytnin\u00eb flasin se 3 nj\u00ebshat t\u00eb b\u00ebr\u00eb s\u00ebbashku, simbolizojn\u00eb fuqin\u00eb transformuese t\u00eb mendimit. P\u00ebr t\u00eb tjer\u00eb 111 \u00ebsht\u00eb numri i engj\u00ebjve apo i perfeksionit. Pavar\u00ebsisht kontekstit q\u00eb 3 nj\u00ebshat b\u00ebhen bashk\u00eb, t\u00eb par\u00ebt k\u00ebshillonin meditim te emocionet pozitive. Me k\u00ebt\u00eb ogur t\u00eb mir\u00eb kam k\u00ebnaq\u00ebsin\u00eb e madhe q\u00eb t\u2019u them t\u00eb gjith\u00ebve dhe presidentes s\u00eb Republik\u00ebs s\u00eb Kosov\u00ebs, p\u00ebrfaq\u00ebsuesve t\u00eb lart\u00eb, shqiptar\u00ebve n\u00eb RMV, n\u00eb Malin e Zi, n\u00eb komun\u00ebn e Preshev\u00ebs, mir\u00eb se vini t\u00eb gjith\u00eb n\u00eb Tiran\u00eb, n\u00eb samitin e tret\u00eb t\u00eb Diaspor\u00ebs, q\u00eb p\u00ebrkon me 111-vjetorin e pavar\u00ebsis\u00eb s\u00eb Shqip\u00ebris\u00eb.<\/p>\n<p>P\u00ebrtej simbolik\u00ebs, ky takim dy-ditor vjen edhe me vet\u00ebdijen e plot\u00eb se n\u00eb punimet e samitit t\u00eb cilat zhvillohen intenvisivsht jasht\u00eb k\u00ebtyre seancave plenare, na \u00ebsht\u00eb besuar mund\u00ebsia q\u00eb t\u00eb komunikojm\u00eb s\u00eb bashku p\u00ebr t\u00eb shkruar nj\u00eb tjet\u00ebr faqe t\u00eb re p\u00ebr shqiptar\u00ebt. Samit \u00ebsht\u00eb udh\u00ebkryq ku bashkohen t\u00eb gjith\u00eb, pavar\u00ebsisht bindjeve apo p\u00ebrkat\u00ebsive politike, p\u00ebrtej p\u00ebrkat\u00ebsive krahinore dhe vendndodhjes s\u00eb secilit si shqiptar\u00eb q\u00eb kan\u00eb di\u00e7ka p\u00ebr t\u00eb th\u00ebn\u00eb dhe p\u00ebr t\u00eb dh\u00ebn\u00eb p\u00ebr m\u00ebnyr\u00ebn se si duhet t\u2019i qasemi sfidave. Si t\u00eb bashkojm\u00eb ambiciet p\u00ebr objektivat e p\u00ebrbashk\u00ebta. Nuk mund ta pa p\u00ebrmendur se ky samit ndodh pak dit\u00eb pasi nj\u00ebshat e Shqip\u00ebris\u00eb, t\u00eb Kosov\u00ebs, t\u00eb Maqedonis\u00eb, n\u00eb nj\u00eb skuad\u00ebr, jo vet\u00ebm q\u00eb e \u00e7uan Shqip\u00ebrin\u00eb n\u00eb Europ\u00eb, por na ritreguan edhe nj\u00eb her\u00eb se \u00e7far\u00eb mund t\u00eb b\u00ebjm\u00eb kur bashkojm\u00eb forcat dhe talentet dhe mbi t\u00eb gjitha kemi nj\u00eb strategji dhe q\u00ebllim p\u00ebr t\u00eb fituar. Asnj\u00eb objektiv, sado ambicioz t\u00eb jet\u00eb, nuk \u00ebsht\u00eb i paarritsh\u00ebm. N\u00ebse ka nj\u00eb m\u00ebsim, t\u00eb madh q\u00eb t\u00eb gjith\u00eb mund t\u00eb marrin, n\u00eb t\u00eb gjitha nivelet, individualisht, apo kolektivisht, nga t\u00eb gjitha emrat q\u00eb na b\u00ebjn\u00eb ne krenar, pasi p\u00ebrmenden me admirim, n\u00eb nj\u00eb bot\u00eb t\u00eb madhe, \u00ebsht\u00eb m\u00ebsimi se t\u00eb gjith\u00eb ata kan\u00eb pasur nj\u00eb \u00ebnd\u00ebrr shum\u00eb m\u00eb t\u00eb madhe se mund\u00ebsit\u00eb e tyre mund t\u2019ua k\u00ebshillonin.\u201d, theksoi Rama.<\/p>\n","protected":false},"excerpt":{"rendered":"<p>Kryeministri Edi Rama gjat\u00eb fjal\u00ebs n\u00eb samitin e Diaspor\u00ebs q\u00eb mblodhi sot n\u00eb Tiran\u00eb lider\u00eb t\u00eb Ballkanit, tha se kjo ngjarje vjen n\u00eb nj\u00eb moment historik, at\u00eb t\u00eb 111-vjetorit t\u00eb Pavar\u00ebsis\u00eb s\u00eb Shqip\u00ebris\u00eb. Ai solli n\u00eb v\u00ebmendje kualifikimin e Shqip\u00ebris\u00eb p\u00ebr n\u00eb Europian. Kreu i qeveris\u00eb tha se nj\u00ebshat e futbollit u b\u00ebn\u00eb bashk\u00eb p\u00ebr [&hellip;]<\/p>\n","protected":false},"author":2,"featured_media":65117,"comment_status":"open","ping_status":"open","sticky":false,"template":"","format":"standard","meta":{"footnotes":""},"categories":[118],"tags":[],"class_list":{"0":"post-65116","1":"post","2":"type-post","3":"status-publish","4":"format-standard","5":"has-post-thumbnail","7":"category-kryesore"},"_links":{"self":[{"href":"https:\/\/neutrale.al\/index.php\/wp-json\/wp\/v2\/posts\/65116","targetHints":{"allow":["GET"]}}],"collection":[{"href":"https:\/\/neutrale.al\/index.php\/wp-json\/wp\/v2\/posts"}],"about":[{"href":"https:\/\/neutrale.al\/index.php\/wp-json\/wp\/v2\/types\/post"}],"author":[{"embeddable":true,"href":"https:\/\/neutrale.al\/index.php\/wp-json\/wp\/v2\/users\/2"}],"replies":[{"embeddable":true,"href":"https:\/\/neutrale.al\/index.php\/wp-json\/wp\/v2\/comments?post=65116"}],"version-history":[{"count":1,"href":"https:\/\/neutrale.al\/index.php\/wp-json\/wp\/v2\/posts\/65116\/revisions"}],"predecessor-version":[{"id":65118,"href":"https:\/\/neutrale.al\/index.php\/wp-json\/wp\/v2\/posts\/65116\/revisions\/65118"}],"wp:featuredmedia":[{"embeddable":true,"href":"https:\/\/neutrale.al\/index.php\/wp-json\/wp\/v2\/media\/65117"}],"wp:attachment":[{"href":"https:\/\/neutrale.al\/index.php\/wp-json\/wp\/v2\/media?parent=65116"}],"wp:term":[{"taxonomy":"category","embeddable":true,"href":"https:\/\/neutrale.al\/index.php\/wp-json\/wp\/v2\/categories?post=65116"},{"taxonomy":"post_tag","embeddable":true,"href":"https:\/\/neutrale.al\/index.php\/wp-json\/wp\/v2\/tags?post=65116"}],"curies":[{"name":"wp","href":"https:\/\/api.w.org\/{rel}","templated":true}]}}