{"id":64979,"date":"2023-11-20T16:11:27","date_gmt":"2023-11-20T16:11:27","guid":{"rendered":"https:\/\/neutrale.al\/?p=64979"},"modified":"2023-11-20T16:11:27","modified_gmt":"2023-11-20T16:11:27","slug":"kthesa-e-ngjarjeve-ne-silicon-valley-openai-emeron-shefin-e-ri-ndersa-sam-altman-i-bashkohet-microsoft","status":"publish","type":"post","link":"https:\/\/neutrale.al\/index.php\/2023\/11\/20\/kthesa-e-ngjarjeve-ne-silicon-valley-openai-emeron-shefin-e-ri-ndersa-sam-altman-i-bashkohet-microsoft\/","title":{"rendered":"Kthesa e ngjarjeve n\u00eb Silicon Valley, OpenAI em\u00ebron shefin e ri nd\u00ebrsa Sam Altman i bashkohet Microsoft"},"content":{"rendered":"<p>OpenAI em\u00ebroi ish-shefin e Twitch Emmett Shear si CEO t\u00eb p\u00ebrkohsh\u00ebm, nd\u00ebrkoh\u00eb q\u00eb shefi n\u00eb largim Sam Altman ka vendosur t\u2019i bashkohet kompanis\u00eb s\u00eb lidhur me Microsoft (MSFT.O).<\/p>\n<p>Kjo ishte nj\u00eb kthes\u00eb e papritur e ngjarjeve q\u00eb po ndodhin n\u00eb kulmin e nj\u00eb bumi t\u00eb inteligjenc\u00ebs artificiale.<\/p>\n<p>K\u00ebto em\u00ebrime, q\u00eb u b\u00ebn\u00eb t\u00eb ditura nat\u00ebn e s\u00eb diel\u00ebs, pasuan largimin e papritur t\u00eb Altman, krijuesit t\u00eb ChatGPT, pak dit\u00eb m\u00eb par\u00eb si CEO, dhe i dhan\u00eb fund spekulimeve se ai mund t\u00eb kthehej.<br \/>\nN\u00eb nj\u00eb deklarat\u00eb n\u00eb platform\u00ebn e mediave sociale X, Shear hodhi posht\u00eb spekulimet se bordi i OpenAI shkarkoi Altman p\u00ebr shkak t\u00eb nj\u00eb debati mbi sigurin\u00eb e modeleve t\u00eb fuqishme t\u00eb AI. Ai u zotua t\u00eb hap\u00eb nj\u00eb hetim p\u00ebr shkarkimin, t\u00eb shqyrtoj\u00eb qeverisjen e re p\u00ebr OpenAI dhe t\u00eb vazhdoj\u00eb rrug\u00ebn e tij p\u00ebr t\u00eb v\u00ebn\u00eb n\u00eb dispozicion teknologjin\u00eb si chatbot-i i tij viral.<\/p>\n<p>&#8220;Un\u00eb nuk jam aq i \u00e7mendur sa t\u00eb marr p\u00ebrsip\u00ebr k\u00ebt\u00eb pun\u00eb pa mb\u00ebshtetjen e bordit p\u00ebr komercializimin e modeleve tona t\u00eb mrekullueshme,\u201d tha Shear, duke shtuar: \u201cStabiliteti dhe suksesi i OpenAI jan\u00eb shum\u00eb t\u00eb r\u00ebnd\u00ebsishme p\u00ebr t\u00eb lejuar q\u00eb t\u00eb d\u00ebmtohen nga k\u00ebto probleme.\u201d<\/p>\n<p>Shear bashk\u00ebthemeloi Twitch dhe ishte larguar nga platforma e transmetimit live video n\u00eb pron\u00ebsi t\u00eb Amazon.com n\u00eb fillim t\u00eb k\u00ebtij viti.<\/p>\n<p>OpenAI e shkarkoi Altman t\u00eb Premten pas \u201cproblemeve me komunikimin\u201d, sipas nj\u00eb memo t\u00eb brendshme t\u00eb par\u00eb nga Reuters.<a href=\"https:\/\/www.monitor.al\/largohet-ceo-i-openai-sam-altman-pasi-humbi-besimin-e-bordit-e-zevendeson-perkohesisht-mira-murati\/\">Monitor.al<\/a><\/p>\n<p>Altman ishte bashk\u00eb-kryetar themelues i startup-it q\u00eb nisi manin\u00eb gjeneruese t\u00eb AI nj\u00eb vit m\u00eb par\u00eb duke prezantuar ChatGPT, nj\u00eb chatbot q\u00eb u b\u00eb nj\u00eb nga aplikacionet softuerike me rritje m\u00eb t\u00eb Shefi Ekzekutiv i Microsoft, Satya Nadella tha n\u00eb postimet n\u00eb X se Altman do t\u00eb b\u00ebhej CEO i nj\u00eb grupi t\u00eb ri k\u00ebrkimor brenda prodhuesit t\u00eb softuerit, s\u00eb bashku me koleg\u00eb t\u00eb tjer\u00eb n\u00eb largim t\u00eb OpenAI, si presidenti n\u00eb largim Greg Brockman, i cili u largua pas shkarkimit t\u00eb Altman.\/Reuters<\/p>\n","protected":false},"excerpt":{"rendered":"<p>OpenAI em\u00ebroi ish-shefin e Twitch Emmett Shear si CEO t\u00eb p\u00ebrkohsh\u00ebm, nd\u00ebrkoh\u00eb q\u00eb shefi n\u00eb largim Sam Altman ka vendosur t\u2019i bashkohet kompanis\u00eb s\u00eb lidhur me Microsoft (MSFT.O). Kjo ishte nj\u00eb kthes\u00eb e papritur e ngjarjeve q\u00eb po ndodhin n\u00eb kulmin e nj\u00eb bumi t\u00eb inteligjenc\u00ebs artificiale. K\u00ebto em\u00ebrime, q\u00eb u b\u00ebn\u00eb t\u00eb ditura nat\u00ebn [&hellip;]<\/p>\n","protected":false},"author":2,"featured_media":64980,"comment_status":"open","ping_status":"open","sticky":false,"template":"","format":"standard","meta":{"footnotes":""},"categories":[12],"tags":[27],"class_list":{"0":"post-64979","1":"post","2":"type-post","3":"status-publish","4":"format-standard","5":"has-post-thumbnail","7":"category-bota","8":"tag-lajme"},"_links":{"self":[{"href":"https:\/\/neutrale.al\/index.php\/wp-json\/wp\/v2\/posts\/64979","targetHints":{"allow":["GET"]}}],"collection":[{"href":"https:\/\/neutrale.al\/index.php\/wp-json\/wp\/v2\/posts"}],"about":[{"href":"https:\/\/neutrale.al\/index.php\/wp-json\/wp\/v2\/types\/post"}],"author":[{"embeddable":true,"href":"https:\/\/neutrale.al\/index.php\/wp-json\/wp\/v2\/users\/2"}],"replies":[{"embeddable":true,"href":"https:\/\/neutrale.al\/index.php\/wp-json\/wp\/v2\/comments?post=64979"}],"version-history":[{"count":2,"href":"https:\/\/neutrale.al\/index.php\/wp-json\/wp\/v2\/posts\/64979\/revisions"}],"predecessor-version":[{"id":64982,"href":"https:\/\/neutrale.al\/index.php\/wp-json\/wp\/v2\/posts\/64979\/revisions\/64982"}],"wp:featuredmedia":[{"embeddable":true,"href":"https:\/\/neutrale.al\/index.php\/wp-json\/wp\/v2\/media\/64980"}],"wp:attachment":[{"href":"https:\/\/neutrale.al\/index.php\/wp-json\/wp\/v2\/media?parent=64979"}],"wp:term":[{"taxonomy":"category","embeddable":true,"href":"https:\/\/neutrale.al\/index.php\/wp-json\/wp\/v2\/categories?post=64979"},{"taxonomy":"post_tag","embeddable":true,"href":"https:\/\/neutrale.al\/index.php\/wp-json\/wp\/v2\/tags?post=64979"}],"curies":[{"name":"wp","href":"https:\/\/api.w.org\/{rel}","templated":true}]}}