{"id":64606,"date":"2023-11-14T10:00:33","date_gmt":"2023-11-14T10:00:33","guid":{"rendered":"https:\/\/neutrale.al\/?p=64606"},"modified":"2023-11-14T10:00:33","modified_gmt":"2023-11-14T10:00:33","slug":"shehi-kunder-bojkotit-te-opozites-nuk-eshte-rruga-e-duhur","status":"publish","type":"post","link":"https:\/\/neutrale.al\/index.php\/2023\/11\/14\/shehi-kunder-bojkotit-te-opozites-nuk-eshte-rruga-e-duhur\/","title":{"rendered":"Shehi kund\u00ebr bojkotit t\u00eb opozit\u00ebs: Nuk \u00ebsht\u00eb rruga e duhur&#8230;"},"content":{"rendered":"<p>Kryetari i LZHK-s\u00eb dhe deputeti Dashamir Shehi \u00ebsht\u00eb kund\u00ebr protestave q\u00eb po b\u00ebjn\u00eb n\u00eb parlament grupi i deputet\u00ebve t\u00eb PD t\u00eb rithemelimit.<br \/>\nN\u00eb nj\u00eb prononcim p\u00ebr<br \/>\np\u00ebr\u00a0A2CNN, deputeti Shehi u shpreh se, m\u00ebnyra q\u00eb ka zgjedhur opozita p\u00ebr t\u00eb k\u00ebrkuar t\u00eb drejtat parlamentare nuk \u00ebsht\u00eb e duhura. <\/p>\n<p>Kreu i L\u00ebvizjes p\u00ebr Zhvillim Komb\u00ebtar pohoi se, ai ka zgjedhur t\u00eb solidarizohet me koleg\u00ebt duke mos marr\u00eb pjes\u00eb n\u00eb komisionet parlamentare.<\/p>\n<p>\u201cPor q\u00eb t\u00eb mendoj se kjo \u00ebsht\u00eb rruga me t\u00eb cil\u00ebn duhet t\u00eb kalojm\u00eb ne p\u00ebr t\u00eb rifituar t\u00eb drejtat tona parlamentare, p\u00ebr t\u2019iu drejtuar shqiptar\u00ebve, se \u00e7\u2019\u00ebsht\u00eb e mira dhe \u00e7\u2019\u00ebsht\u00eb e keqja\u2026 \u00ebsht\u00eb nj\u00eb skem\u00eb q\u00eb e kemi p\u00ebrdorur disa her\u00eb,\u201d shpjegon ai.<\/p>\n<p>Ai mendon se, duke zgjedhur t\u00eb shkaktoj\u00eb kaos, opozita po shp\u00ebrdoron t\u00eb drejt\u00ebn q\u00eb ka p\u00ebr t\u00eb folur n\u00eb em\u00ebr t\u00eb qytetar\u00ebve n\u00eb Kuvend.<\/p>\n<p>\u201cParlamenti del n\u00eb rrug\u00eb, protesta \u00ebsht\u00eb nj\u00eb formul\u00eb. T\u00eb fut\u00ebsh rrug\u00ebn n\u00eb pralament, nuk vlen. Z\u00ebri p\u00ebr t\u00eb folur n\u00eb parlament \u00ebsht\u00eb arma q\u00eb ka sot opozita. Dhe m\u00eb duket se po e shp\u00ebrdorojm\u00eb. Mir\u00eb, keq, goj\u00ebn nuk na e mbyllin dot ata\u201d,\u00a0tha Shehi<\/p>\n","protected":false},"excerpt":{"rendered":"<p>Kryetari i LZHK-s\u00eb dhe deputeti Dashamir Shehi \u00ebsht\u00eb kund\u00ebr protestave q\u00eb po b\u00ebjn\u00eb n\u00eb parlament grupi i deputet\u00ebve t\u00eb PD t\u00eb rithemelimit. N\u00eb nj\u00eb prononcim p\u00ebr p\u00ebr\u00a0A2CNN, deputeti Shehi u shpreh se, m\u00ebnyra q\u00eb ka zgjedhur opozita p\u00ebr t\u00eb k\u00ebrkuar t\u00eb drejtat parlamentare nuk \u00ebsht\u00eb e duhura. Kreu i L\u00ebvizjes p\u00ebr Zhvillim Komb\u00ebtar pohoi se, [&hellip;]<\/p>\n","protected":false},"author":2,"featured_media":64607,"comment_status":"open","ping_status":"open","sticky":false,"template":"","format":"standard","meta":{"footnotes":""},"categories":[118,9],"tags":[],"class_list":{"0":"post-64606","1":"post","2":"type-post","3":"status-publish","4":"format-standard","5":"has-post-thumbnail","7":"category-kryesore","8":"category-politika"},"_links":{"self":[{"href":"https:\/\/neutrale.al\/index.php\/wp-json\/wp\/v2\/posts\/64606","targetHints":{"allow":["GET"]}}],"collection":[{"href":"https:\/\/neutrale.al\/index.php\/wp-json\/wp\/v2\/posts"}],"about":[{"href":"https:\/\/neutrale.al\/index.php\/wp-json\/wp\/v2\/types\/post"}],"author":[{"embeddable":true,"href":"https:\/\/neutrale.al\/index.php\/wp-json\/wp\/v2\/users\/2"}],"replies":[{"embeddable":true,"href":"https:\/\/neutrale.al\/index.php\/wp-json\/wp\/v2\/comments?post=64606"}],"version-history":[{"count":1,"href":"https:\/\/neutrale.al\/index.php\/wp-json\/wp\/v2\/posts\/64606\/revisions"}],"predecessor-version":[{"id":64608,"href":"https:\/\/neutrale.al\/index.php\/wp-json\/wp\/v2\/posts\/64606\/revisions\/64608"}],"wp:featuredmedia":[{"embeddable":true,"href":"https:\/\/neutrale.al\/index.php\/wp-json\/wp\/v2\/media\/64607"}],"wp:attachment":[{"href":"https:\/\/neutrale.al\/index.php\/wp-json\/wp\/v2\/media?parent=64606"}],"wp:term":[{"taxonomy":"category","embeddable":true,"href":"https:\/\/neutrale.al\/index.php\/wp-json\/wp\/v2\/categories?post=64606"},{"taxonomy":"post_tag","embeddable":true,"href":"https:\/\/neutrale.al\/index.php\/wp-json\/wp\/v2\/tags?post=64606"}],"curies":[{"name":"wp","href":"https:\/\/api.w.org\/{rel}","templated":true}]}}