{"id":64489,"date":"2023-11-11T11:04:37","date_gmt":"2023-11-11T11:04:37","guid":{"rendered":"https:\/\/neutrale.al\/?p=64489"},"modified":"2023-11-11T11:04:37","modified_gmt":"2023-11-11T11:04:37","slug":"vlore-sapo-pa-policine-hodhi-nga-automjeti-pistoleten-vihet-ne-pranga-pas-disa-minutash-ndjekje-38-vjecari","status":"publish","type":"post","link":"https:\/\/neutrale.al\/index.php\/2023\/11\/11\/vlore-sapo-pa-policine-hodhi-nga-automjeti-pistoleten-vihet-ne-pranga-pas-disa-minutash-ndjekje-38-vjecari\/","title":{"rendered":"Vlor\u00eb\/ Sapo pa policin\u00eb, hodhi nga automjeti pistolet\u00ebn, vihet n\u00eb pranga pas disa minutash ndjekje 38-vje\u00e7ari."},"content":{"rendered":"<p>Detajet e operacionit- Njoftimi zyrtar:<\/p>\n<p>Vijojn\u00eb kontrollet, n\u00eb kuad\u00ebr t\u00eb operacionit policor \u201cSundimi i ligjit\u201d, p\u00ebr kapjen e shtetasve t\u00eb shpallur n\u00eb k\u00ebrkim, t\u00eb shtetasve q\u00eb qarkullojn\u00eb me arm\u00eb zjarri dhe t\u00eb atyre q\u00eb mbajn\u00eb n\u00eb banes\u00eb arm\u00eb, municion ose drog\u00eb.<\/p>\n<p>Hodhi nga automjeti q\u00eb drejtonte, pistolet\u00ebn q\u00eb mbante me vete, sapo pa sh\u00ebrbimet e Policis\u00eb, vihet n\u00eb pranga pas disa minutash ndjekje 38-vje\u00e7ari. <\/p>\n<p>Sekuestrohet arma e zjarrit pistolet\u00eb me fishek\u00eb n\u00eb t\u00eb.<\/p>\n<p>Strukturat e Hetimit t\u00eb Krimeve dhe Forca e Posa\u00e7me Operacionale n\u00eb DVP Vlor\u00eb n\u00eb bashk\u00ebpunim me Forc\u00ebn e Posa\u00e7me \u201cShqiponja\u201d dhe sh\u00ebrbimet e Komisariatit t\u00eb Policis\u00eb Vlor\u00eb, si rezultat i kontrolleve intensive n\u00eb t\u00eb gjith\u00eb territorin e qarkut, n\u00eb zbatim t\u00eb planit operacional t\u00eb miratuar nga Drejtori i P\u00ebrgjithsh\u00ebm i Policis\u00eb s\u00eb Shtetit, n\u00eb kuad\u00ebr t\u00eb operacioni policor komb\u00ebtar \u201cSundimi i ligjit\u201d, kan\u00eb konstatuar dhe goditur nj\u00eb rast n\u00eb fush\u00ebn e arm\u00ebmbajtjes pa leje, n\u00eb qytetin e Vlor\u00ebs.<\/p>\n<p>N\u00eb kuad\u00ebr t\u00eb k\u00ebtij operacioni u kap n\u00eb flagranc\u00eb dhe u vu n\u00eb pranga shtetasi  E. K alias E. D., 38 vjec, banues n\u00eb Vlor\u00eb, p\u00ebr vepr\u00ebn penale \u201cMbajtja pa leje dhe prodhimi i arm\u00ebve,arm\u00ebve shp\u00ebrthyese dhe i municionit.\u201d<\/p>\n<p>Sh\u00ebrbimet e Policis\u00eb, bazuar dhe n\u00eb inteligjenc\u00ebn informative, kan\u00eb lokalizuar n\u00eb lagjen \u201cIsa Boletini\u201d, automjetin tip \u201cFiat\u201d q\u00eb drejtohej nga shtetasi E. K dhe jan\u00eb v\u00ebn\u00eb n\u00eb ndjekje t\u00eb tij. Drejtuesi i automjetit, sapo ka v\u00ebn\u00eb re se po ndiqej nga Policia, ka tentuar t\u00eb largohet me shpejt\u00ebsi dhe ka hedhur nga automjeti, nj\u00eb arm\u00eb zjarri pistolet\u00eb me fishek\u00eb n\u00eb t\u00eb, t\u00eb cil\u00ebn e posedonte pa leje, por pas disa minutash ndjekje \u00ebsht\u00eb kapur dhe prangosur nga Policia.<\/p>\n<p>Arm\u00ebn e zjarrit pistolet\u00eb s\u00eb bashku me fishek\u00ebt dhe automjetin, u sekuestruan n\u00eb cil\u00ebsin\u00eb e prov\u00ebs materiale.<\/p>\n<p>Materialet procedurale i kaluan Prokuroris\u00eb pran\u00eb Gjykat\u00ebs s\u00eb Shkall\u00ebs s\u00eb Par\u00eb t\u00eb Juridiksionit t\u00eb P\u00ebrgjithsh\u00ebm Vlor\u00eb, p\u00ebr veprime t\u00eb m\u00ebtejshme.<\/p>\n","protected":false},"excerpt":{"rendered":"<p>Detajet e operacionit- Njoftimi zyrtar: Vijojn\u00eb kontrollet, n\u00eb kuad\u00ebr t\u00eb operacionit policor \u201cSundimi i ligjit\u201d, p\u00ebr kapjen e shtetasve t\u00eb shpallur n\u00eb k\u00ebrkim, t\u00eb shtetasve q\u00eb qarkullojn\u00eb me arm\u00eb zjarri dhe t\u00eb atyre q\u00eb mbajn\u00eb n\u00eb banes\u00eb arm\u00eb, municion ose drog\u00eb. Hodhi nga automjeti q\u00eb drejtonte, pistolet\u00ebn q\u00eb mbante me vete, sapo pa sh\u00ebrbimet e [&hellip;]<\/p>\n","protected":false},"author":2,"featured_media":64490,"comment_status":"open","ping_status":"open","sticky":false,"template":"","format":"standard","meta":{"footnotes":""},"categories":[117],"tags":[27],"class_list":{"0":"post-64489","1":"post","2":"type-post","3":"status-publish","4":"format-standard","5":"has-post-thumbnail","7":"category-aktualitet","8":"tag-lajme"},"_links":{"self":[{"href":"https:\/\/neutrale.al\/index.php\/wp-json\/wp\/v2\/posts\/64489","targetHints":{"allow":["GET"]}}],"collection":[{"href":"https:\/\/neutrale.al\/index.php\/wp-json\/wp\/v2\/posts"}],"about":[{"href":"https:\/\/neutrale.al\/index.php\/wp-json\/wp\/v2\/types\/post"}],"author":[{"embeddable":true,"href":"https:\/\/neutrale.al\/index.php\/wp-json\/wp\/v2\/users\/2"}],"replies":[{"embeddable":true,"href":"https:\/\/neutrale.al\/index.php\/wp-json\/wp\/v2\/comments?post=64489"}],"version-history":[{"count":1,"href":"https:\/\/neutrale.al\/index.php\/wp-json\/wp\/v2\/posts\/64489\/revisions"}],"predecessor-version":[{"id":64491,"href":"https:\/\/neutrale.al\/index.php\/wp-json\/wp\/v2\/posts\/64489\/revisions\/64491"}],"wp:featuredmedia":[{"embeddable":true,"href":"https:\/\/neutrale.al\/index.php\/wp-json\/wp\/v2\/media\/64490"}],"wp:attachment":[{"href":"https:\/\/neutrale.al\/index.php\/wp-json\/wp\/v2\/media?parent=64489"}],"wp:term":[{"taxonomy":"category","embeddable":true,"href":"https:\/\/neutrale.al\/index.php\/wp-json\/wp\/v2\/categories?post=64489"},{"taxonomy":"post_tag","embeddable":true,"href":"https:\/\/neutrale.al\/index.php\/wp-json\/wp\/v2\/tags?post=64489"}],"curies":[{"name":"wp","href":"https:\/\/api.w.org\/{rel}","templated":true}]}}