{"id":64355,"date":"2023-11-10T09:35:57","date_gmt":"2023-11-10T09:35:57","guid":{"rendered":"https:\/\/neutrale.al\/?p=64355"},"modified":"2023-11-10T09:35:57","modified_gmt":"2023-11-10T09:35:57","slug":"arrestimi-i-dritan-rexhepit-ne-stamboll-ja-per-cfare-akuzohet","status":"publish","type":"post","link":"https:\/\/neutrale.al\/index.php\/2023\/11\/10\/arrestimi-i-dritan-rexhepit-ne-stamboll-ja-per-cfare-akuzohet\/","title":{"rendered":"Arrestimi i Dritan Rexhepit n\u00eb Stamboll\/ Ja p\u00ebr \u00e7far\u00eb akuzohet&#8230;"},"content":{"rendered":"<p>Akuza kryesore: Porositi pengmarrjen dhe vrasjen e Jan Preng\u00ebs<\/p>\n<p>Porositi pengmarrjen dhe vrasjen e Jan Preng\u00ebs, arrestohet Dritan Rexhepi n\u00eb Stamboll. Dritan Rexhepi njihet si kreu i nj\u00eb karteli droge q\u00eb transporton kokain\u00eb nga Amerika e Jugut drejt Evrop\u00ebs. Gjat\u00eb arrestimit iu gjet pasaporta e falsifikuar me emrin\u00a0Benjamin Omar Perez Garcia.<\/p>\n<p>Ministri turk i Pun\u00ebve t\u00eb Brendshme\u00a0Ali Yerlikaya tha se \u00ebsht\u00eb konstatuar se Rexhepi ka hyr\u00eb n\u00eb Turqi nga aeroporti i Stambollit me pasaport\u00eb kolumbiane t\u00eb regjistruar n\u00eb emrin e Benjamin Omar Perez Garcia.<\/p>\n<p>Nd\u00ebr t\u00eb tjera ministri Yerlikaya, i cili njoftoi operacionin n\u00eb llogarin\u00eb e tij n\u00eb rrjetet sociale, deklaroi se policia e Stambollit arrestoi liderin e kartelit Rexhepi n\u00eb Beylikd\u00fcz\u00fc si rezultat i ndarjes s\u00eb informacionit me policin\u00eb italiane.<\/p>\n<p>Ministri Yerlikaya tha: \u201cLufta jon\u00eb kund\u00ebr tregtar\u00ebve t\u00eb drog\u00ebs dhe organizatave t\u00eb krimit t\u00eb organizuar do t\u00eb vazhdoj\u00eb t\u00eb rritet me vendosm\u00ebri.\u201d.<\/p>\n<p>Rexhepi akuzohet se \u00ebsht\u00eb kreu i kartelit t\u00eb drog\u00ebs \u201cKompanio Bello\u201d q\u00eb merrej me trafikimin e sasive t\u00eb m\u00ebdha t\u00eb drog\u00ebs nga Amerika e Jugut drejt Europ\u00ebs. Nda tij r\u00ebndojn\u00eb edhe akuzat e vrasjes me dashje dhe rr\u00ebmbimit t\u00eb personit, falsifikim i dokumenteve dhe arm\u00ebmbajtje pa leje.<\/p>\n<p>Vendndodhja e drejtuesit t\u00eb kartelit u p\u00ebrcaktua si rezultat i pun\u00ebs s\u00eb p\u00ebrbashk\u00ebt t\u00eb kryer nga policia turke, Dega Kund\u00ebr Krimeve Narkotike n\u00eb Stamboll, Dega e Inteligjenc\u00ebs, Dega Kund\u00ebr Kontraband\u00ebs dhe Kalimit Kufitar t\u00eb Emigrant\u00ebve dhe shk\u00ebmbimit t\u00eb informacionit me Policin\u00eb Italiane.<\/p>\n","protected":false},"excerpt":{"rendered":"<p>Akuza kryesore: Porositi pengmarrjen dhe vrasjen e Jan Preng\u00ebs Porositi pengmarrjen dhe vrasjen e Jan Preng\u00ebs, arrestohet Dritan Rexhepi n\u00eb Stamboll. Dritan Rexhepi njihet si kreu i nj\u00eb karteli droge q\u00eb transporton kokain\u00eb nga Amerika e Jugut drejt Evrop\u00ebs. Gjat\u00eb arrestimit iu gjet pasaporta e falsifikuar me emrin\u00a0Benjamin Omar Perez Garcia. Ministri turk i Pun\u00ebve [&hellip;]<\/p>\n","protected":false},"author":2,"featured_media":64356,"comment_status":"open","ping_status":"open","sticky":false,"template":"","format":"standard","meta":{"footnotes":""},"categories":[118],"tags":[],"class_list":{"0":"post-64355","1":"post","2":"type-post","3":"status-publish","4":"format-standard","5":"has-post-thumbnail","7":"category-kryesore"},"_links":{"self":[{"href":"https:\/\/neutrale.al\/index.php\/wp-json\/wp\/v2\/posts\/64355","targetHints":{"allow":["GET"]}}],"collection":[{"href":"https:\/\/neutrale.al\/index.php\/wp-json\/wp\/v2\/posts"}],"about":[{"href":"https:\/\/neutrale.al\/index.php\/wp-json\/wp\/v2\/types\/post"}],"author":[{"embeddable":true,"href":"https:\/\/neutrale.al\/index.php\/wp-json\/wp\/v2\/users\/2"}],"replies":[{"embeddable":true,"href":"https:\/\/neutrale.al\/index.php\/wp-json\/wp\/v2\/comments?post=64355"}],"version-history":[{"count":1,"href":"https:\/\/neutrale.al\/index.php\/wp-json\/wp\/v2\/posts\/64355\/revisions"}],"predecessor-version":[{"id":64357,"href":"https:\/\/neutrale.al\/index.php\/wp-json\/wp\/v2\/posts\/64355\/revisions\/64357"}],"wp:featuredmedia":[{"embeddable":true,"href":"https:\/\/neutrale.al\/index.php\/wp-json\/wp\/v2\/media\/64356"}],"wp:attachment":[{"href":"https:\/\/neutrale.al\/index.php\/wp-json\/wp\/v2\/media?parent=64355"}],"wp:term":[{"taxonomy":"category","embeddable":true,"href":"https:\/\/neutrale.al\/index.php\/wp-json\/wp\/v2\/categories?post=64355"},{"taxonomy":"post_tag","embeddable":true,"href":"https:\/\/neutrale.al\/index.php\/wp-json\/wp\/v2\/tags?post=64355"}],"curies":[{"name":"wp","href":"https:\/\/api.w.org\/{rel}","templated":true}]}}