{"id":64014,"date":"2023-11-07T08:56:32","date_gmt":"2023-11-07T08:56:32","guid":{"rendered":"https:\/\/neutrale.al\/?p=64014"},"modified":"2023-11-07T08:56:32","modified_gmt":"2023-11-07T08:56:32","slug":"elona-caslli-shqiperia-jam-une","status":"publish","type":"post","link":"https:\/\/neutrale.al\/index.php\/2023\/11\/07\/elona-caslli-shqiperia-jam-une\/","title":{"rendered":"Elona Caslli\/ Shqip\u00ebria jam un\u00eb."},"content":{"rendered":"<p>Un\u00eb jam kryeministri. Un\u00eb jam qeveria. Un\u00eb jam pushteti. Un\u00eb jam Shqip\u00ebria. Un\u00eb jam opozita.<br \/>\nUn\u00eb jam gjith\u00e7kaja dhe tek un\u00eb fillon dhe mbaron hap\u00ebsira dhe fati i Shqip\u00ebris\u00eb.<\/p>\n<p>Marr\u00ebveshja e lidhur mes shtetit shqiptar dhe atij italian p\u00ebr 36.000 refugjat\u00eb, q\u00eb do t\u00e8 vijn\u00eb \u00e7do vit nga Italia p\u00ebr t\u00eb q\u00ebndruar n\u00eb kampe refugjat\u00ebsh n\u00eb Shqip\u00ebri, t\u00eb bind se kryemistri dit\u00eb pas dite po vesh sloganin &#8221; Un\u00eb jam Shqip\u00ebria&#8221;.<\/p>\n<p>T\u00eb lidh\u00ebsh nj\u00eb marr\u00ebveshje t\u00eb till\u00eb, pa u konsultuar me ask\u00ebnd, por vet\u00ebm duke u bazuar te vullneti yt personal, \u00ebsht\u00eb nj\u00eb aventur\u00eb e rrezikshme pasojat e s\u00eb cil\u00ebs do t&#8217;i paguaj\u00eb \u00e7do shqiptar n\u00eb vet\u00eb t\u00eb par\u00eb.<\/p>\n<p>Nj\u00eb marr\u00ebveshje bashk\u00ebpunimi mes dy institucionesh brenda nj\u00eb shteti, nuk mund t\u00eb lidhet ve\u00e7se me vullnetin e titullarit, por duhet miratimi i disa hallkave t\u00eb tjera institucionale n\u00eb institucionet p\u00ebrkat\u00ebse. Kryeministri lidh nj\u00eb marr\u00ebveshje mes dy shtetesh duke mos pyetur ask\u00ebnd ve\u00e7 mendjes s\u00eb tij.<\/p>\n<p>Nisma e kryeministrit do ta shnd\u00ebrroj\u00eb Shqip\u00ebrin\u00eb brenda pak vitesh n\u00eb nj\u00eb vendq\u00ebndrim refugjat\u00ebsh dhe pesionist\u00ebsh.<\/p>\n<p>Zbrazja e Shqip\u00ebris\u00eb me ritme t\u00eb frikshme dhe marr\u00ebveshjet shtet\u00ebrore q\u00eb lidhen n\u00eb kurriz t\u00eb shqiptar\u00ebve, parashikojn\u00eb as m\u00eb pak e as m\u00eb shum\u00eb ve\u00e7 pamjen me t\u00eb cil\u00ebn u ndesha dje n\u00eb mbr\u00ebmje n\u00eb nj\u00eb pik\u00eb ku hidhej llotaria amerikane; Nj\u00eb lum\u00eb njer\u00ebzish, q\u00eb prisnin radh\u00ebn, p\u00ebr t&#8217;u fotografuar dhe p\u00ebr t\u00eb b\u00ebr\u00eb aplikimin p\u00ebr llotarin\u00eb amerikane. Mes tyre ishin t\u00eb rinj q\u00eb sapo kishin mbaruar shkoll\u00ebn, pun\u00ebtor\u00eb krahu q\u00eb thonin; I humbur q\u00eb i humbur jam k\u00ebtu. Nuk kam \u00e7&#8217;humbas m\u00eb. Do ta provoj nj\u00eb her\u00eb.<br \/>\nPrind\u00ebr me f\u00ebmij\u00eb t\u00eb vegj\u00ebl q\u00eb refuzojn\u00eb t&#8217;i rrisin f\u00ebmij\u00ebt k\u00ebtu.<\/p>\n<p>Post Scriptum- Shqiptar\u00ebt jan\u00eb n\u00eb arrati, nd\u00ebrkoh\u00eb q\u00eb kryeministri tund flamujt imagjinar\u00eb t\u00eb mir\u00ebq\u00ebnies dhe suksesit.<\/p>\n","protected":false},"excerpt":{"rendered":"<p>Un\u00eb jam kryeministri. Un\u00eb jam qeveria. Un\u00eb jam pushteti. Un\u00eb jam Shqip\u00ebria. Un\u00eb jam opozita. Un\u00eb jam gjith\u00e7kaja dhe tek un\u00eb fillon dhe mbaron hap\u00ebsira dhe fati i Shqip\u00ebris\u00eb. Marr\u00ebveshja e lidhur mes shtetit shqiptar dhe atij italian p\u00ebr 36.000 refugjat\u00eb, q\u00eb do t\u00e8 vijn\u00eb \u00e7do vit nga Italia p\u00ebr t\u00eb q\u00ebndruar n\u00eb kampe refugjat\u00ebsh [&hellip;]<\/p>\n","protected":false},"author":2,"featured_media":64015,"comment_status":"open","ping_status":"open","sticky":false,"template":"","format":"standard","meta":{"footnotes":""},"categories":[1],"tags":[],"class_list":{"0":"post-64014","1":"post","2":"type-post","3":"status-publish","4":"format-standard","5":"has-post-thumbnail","7":"category-te-tjera"},"_links":{"self":[{"href":"https:\/\/neutrale.al\/index.php\/wp-json\/wp\/v2\/posts\/64014","targetHints":{"allow":["GET"]}}],"collection":[{"href":"https:\/\/neutrale.al\/index.php\/wp-json\/wp\/v2\/posts"}],"about":[{"href":"https:\/\/neutrale.al\/index.php\/wp-json\/wp\/v2\/types\/post"}],"author":[{"embeddable":true,"href":"https:\/\/neutrale.al\/index.php\/wp-json\/wp\/v2\/users\/2"}],"replies":[{"embeddable":true,"href":"https:\/\/neutrale.al\/index.php\/wp-json\/wp\/v2\/comments?post=64014"}],"version-history":[{"count":1,"href":"https:\/\/neutrale.al\/index.php\/wp-json\/wp\/v2\/posts\/64014\/revisions"}],"predecessor-version":[{"id":64016,"href":"https:\/\/neutrale.al\/index.php\/wp-json\/wp\/v2\/posts\/64014\/revisions\/64016"}],"wp:featuredmedia":[{"embeddable":true,"href":"https:\/\/neutrale.al\/index.php\/wp-json\/wp\/v2\/media\/64015"}],"wp:attachment":[{"href":"https:\/\/neutrale.al\/index.php\/wp-json\/wp\/v2\/media?parent=64014"}],"wp:term":[{"taxonomy":"category","embeddable":true,"href":"https:\/\/neutrale.al\/index.php\/wp-json\/wp\/v2\/categories?post=64014"},{"taxonomy":"post_tag","embeddable":true,"href":"https:\/\/neutrale.al\/index.php\/wp-json\/wp\/v2\/tags?post=64014"}],"curies":[{"name":"wp","href":"https:\/\/api.w.org\/{rel}","templated":true}]}}