{"id":64002,"date":"2023-11-07T08:34:00","date_gmt":"2023-11-07T08:34:00","guid":{"rendered":"https:\/\/neutrale.al\/?p=64002"},"modified":"2023-11-07T08:34:00","modified_gmt":"2023-11-07T08:34:00","slug":"per-dy-vjet-e-detyruan-vajzen-14-vjecare-te-vidhte-dhe-te-lypte-me-ato-para-blene-nje-shtepi-drame-ne-zagreb","status":"publish","type":"post","link":"https:\/\/neutrale.al\/index.php\/2023\/11\/07\/per-dy-vjet-e-detyruan-vajzen-14-vjecare-te-vidhte-dhe-te-lypte-me-ato-para-blene-nje-shtepi-drame-ne-zagreb\/","title":{"rendered":"P\u00ebr dy vjet e detyruan vajz\u00ebn 14-vje\u00e7are t\u00eb vidhte dhe t\u00eb lypte, me ato para blen\u00eb nj\u00eb sht\u00ebpi: dram\u00eb n\u00eb Zagreb"},"content":{"rendered":"<p>N\u00ebna e nj\u00eb vajze 14-vje\u00e7are \u00ebsht\u00eb arrestuar pasi dyshohet se s\u00eb bashku me bashk\u00ebshortin, njerkun e f\u00ebmij\u00ebs, ka rrahur t\u00eb bij\u00ebn p\u00ebr vite me rradh\u00eb dhe e ka detyruar t\u00eb lyp ose t\u00eb vjedh\u00eb.<\/p>\n<p>Gjith\u00e7ka filloi kur vajza ishte 12 vje\u00e7. Prind\u00ebrit e saj, n\u00eb vend q\u00eb t\u00eb kujdeseshin p\u00ebr t\u00eb, p\u00ebrfituan nga ajo n\u00eb m\u00ebnyr\u00ebn m\u00eb mizore t\u00eb mundshme. T\u00eb dy tani jan\u00eb n\u00ebn hetim p\u00ebr trafikim t\u00eb dyshuar t\u00eb qenieve njer\u00ebzore, raportojn\u00eb mediat n\u00eb rajon.<\/p>\n<p>E detyruan t\u00eb lypte dhe t\u00eb vidhte n\u00eb shum\u00eb vende, si n\u00eb Spanj\u00eb, Itali, Franc\u00eb. Gjat\u00eb asaj kohe, vajza nuk shkonte n\u00eb shkoll\u00eb, nuk kishte sigurim sh\u00ebndet\u00ebsor dhe duhej t\u00eb kujdesej p\u00ebr v\u00ebllez\u00ebrit dhe motrat e saj m\u00eb t\u00eb vogla.<\/p>\n<p>Tmerri zgjati dy vjet derisa vajza arriti t\u00eb ik\u00eb nga sht\u00ebpia af\u00ebr Zagrebit ku prind\u00ebrit e saj e fsheh\u00ebn s\u00eb bashku me f\u00ebmij\u00ebt e tjer\u00eb. B\u00ebhet fjal\u00eb, si\u00e7 raportohet jozyrtarisht nga mediat vendase, p\u00ebr nj\u00eb vil\u00eb n\u00eb af\u00ebrsi t\u00eb Zagrebit q\u00eb \u00e7ifti i dyshuar nuk e ka fituar ligj\u00ebrisht.<\/p>\n<p>Pas denoncimit t\u00eb rastit, policia ka bastisur sht\u00ebpin\u00eb ku \u00ebsht\u00eb gjetur n\u00ebna e vajz\u00ebs. Teksa ishte shtatz\u00ebn\u00eb, ajo i tha policis\u00eb se ishte e s\u00ebmur\u00eb dhe se kishte frik\u00eb nga nj\u00eb abort. Ajo u d\u00ebrgua n\u00eb spital ku u mbajt p\u00ebr mjekim. Sapo t\u2019ia lejoj\u00eb sh\u00ebndeti, me k\u00ebrkes\u00eb t\u00eb prokuroris\u00eb, ajo do t\u00eb transferohet n\u00eb qendr\u00ebn e paraburgimit t\u00eb p\u00ebrcaktuar nga Gjykata e Qarkut n\u00eb Zagreb.<\/p>\n<p>Ndalimi \u00ebsht\u00eb caktuar edhe p\u00ebr bashk\u00ebshortin e saj, i cili arriti t\u00eb arratisej para se policia t\u00eb hynte n\u00eb sht\u00ebpi. Sepse ka n\u00ebnshtet\u00ebsi t\u00eb Bosnj\u00eb-Hercegovin\u00ebs dhe Serbis\u00eb. S\u00eb shpejti duhet t\u00eb l\u00ebshohet nj\u00eb urdh\u00ebr p\u00ebr t\u00eb.<\/p>\n<p>Vajza ka deklaruar n\u00eb d\u00ebshmin\u00eb e saj se n\u00ebna e saj nj\u00ebher\u00eb ka prer\u00eb flok\u00ebt dhe ka rruar vetullat. Pas k\u00ebsaj ajo i tha t\u00eb shkonte n\u00eb polici dhe t\u00eb raportonte se dikush e kishte sulmuar. Ajo nuk e b\u00ebri at\u00eb. Ajo tha se prind\u00ebrit e saj p\u00ebrdor\u00ebn parat\u00eb q\u00eb ajo mori nga lypja n\u00eb prona t\u00eb paluajtshme n\u00eb Kroaci dhe Bosnje-Hercegovin\u00eb. Kur ajo refuzoi t\u00eb lypte ose t\u00eb vidhte, n\u00ebna dhe njerku e rrah\u00ebn me kabllo dhe rripa.<\/p>\n<p>Pasi u b\u00eb i ditur ky rast i tmerrsh\u00ebm, f\u00ebmija u mor nga familja dhe u vendos n\u00eb nj\u00eb sht\u00ebpi t\u00eb sigurt. P\u00ebrjashtohen edhe f\u00ebmij\u00ebt e tjer\u00eb nga familja, t\u00eb cil\u00ebt me shum\u00eb mund\u00ebsi do t\u00eb vendosen n\u00eb nj\u00eb sht\u00ebpi p\u00ebr f\u00ebmij\u00ebt e l\u00ebn\u00eb pas dore<br \/>\nNga Diaspora Shqiptare Suedi<\/p>\n","protected":false},"excerpt":{"rendered":"<p>N\u00ebna e nj\u00eb vajze 14-vje\u00e7are \u00ebsht\u00eb arrestuar pasi dyshohet se s\u00eb bashku me bashk\u00ebshortin, njerkun e f\u00ebmij\u00ebs, ka rrahur t\u00eb bij\u00ebn p\u00ebr vite me rradh\u00eb dhe e ka detyruar t\u00eb lyp ose t\u00eb vjedh\u00eb. Gjith\u00e7ka filloi kur vajza ishte 12 vje\u00e7. Prind\u00ebrit e saj, n\u00eb vend q\u00eb t\u00eb kujdeseshin p\u00ebr t\u00eb, p\u00ebrfituan nga ajo n\u00eb [&hellip;]<\/p>\n","protected":false},"author":2,"featured_media":64003,"comment_status":"open","ping_status":"open","sticky":false,"template":"","format":"standard","meta":{"footnotes":""},"categories":[6],"tags":[27],"class_list":{"0":"post-64002","1":"post","2":"type-post","3":"status-publish","4":"format-standard","5":"has-post-thumbnail","7":"category-rajoni","8":"tag-lajme"},"_links":{"self":[{"href":"https:\/\/neutrale.al\/index.php\/wp-json\/wp\/v2\/posts\/64002","targetHints":{"allow":["GET"]}}],"collection":[{"href":"https:\/\/neutrale.al\/index.php\/wp-json\/wp\/v2\/posts"}],"about":[{"href":"https:\/\/neutrale.al\/index.php\/wp-json\/wp\/v2\/types\/post"}],"author":[{"embeddable":true,"href":"https:\/\/neutrale.al\/index.php\/wp-json\/wp\/v2\/users\/2"}],"replies":[{"embeddable":true,"href":"https:\/\/neutrale.al\/index.php\/wp-json\/wp\/v2\/comments?post=64002"}],"version-history":[{"count":2,"href":"https:\/\/neutrale.al\/index.php\/wp-json\/wp\/v2\/posts\/64002\/revisions"}],"predecessor-version":[{"id":64005,"href":"https:\/\/neutrale.al\/index.php\/wp-json\/wp\/v2\/posts\/64002\/revisions\/64005"}],"wp:featuredmedia":[{"embeddable":true,"href":"https:\/\/neutrale.al\/index.php\/wp-json\/wp\/v2\/media\/64003"}],"wp:attachment":[{"href":"https:\/\/neutrale.al\/index.php\/wp-json\/wp\/v2\/media?parent=64002"}],"wp:term":[{"taxonomy":"category","embeddable":true,"href":"https:\/\/neutrale.al\/index.php\/wp-json\/wp\/v2\/categories?post=64002"},{"taxonomy":"post_tag","embeddable":true,"href":"https:\/\/neutrale.al\/index.php\/wp-json\/wp\/v2\/tags?post=64002"}],"curies":[{"name":"wp","href":"https:\/\/api.w.org\/{rel}","templated":true}]}}