{"id":63919,"date":"2023-11-06T10:07:55","date_gmt":"2023-11-06T10:07:55","guid":{"rendered":"https:\/\/neutrale.al\/?p=63919"},"modified":"2023-11-06T10:07:55","modified_gmt":"2023-11-06T10:07:55","slug":"kaperceu-kangjellat-noka-100-gardiste-mbrojne-linditen-sikur-po-perballen-me-bande","status":"publish","type":"post","link":"https:\/\/neutrale.al\/index.php\/2023\/11\/06\/kaperceu-kangjellat-noka-100-gardiste-mbrojne-linditen-sikur-po-perballen-me-bande\/","title":{"rendered":"Kap\u00ebrceu kangjellat\/ Noka: 100 gardist\u00eb mbrojn\u00eb Lindit\u00ebn, sikur po p\u00ebrballen me band\u00eb!"},"content":{"rendered":"<p>I vetmi q\u00eb ka hyr\u00eb n\u00eb kryesi, nga radh\u00ebt e deputet\u00ebve t\u00eb p\u00ebrjashtuar, \u00ebsht\u00eb Flamur Noka, i cili hipi p\u00ebrmes kangjellave.<\/p>\n<p>Ai tha p\u00ebr gazetarin e News24, Osman Stafa se Garda ka zbarkuar n\u00eb Kryesi dhe se duket sikur po p\u00ebrballen me nj\u00eb band\u00eb kriminale.<br \/>\n\u201cT\u00eb shohim se \u00e7far\u00eb dokumenti do t\u00eb p\u00ebrpilojn\u00eb. Ndalojn\u00eb deputet\u00ebt q\u00eb t\u00eb hyjn\u00eb n\u00eb zyrat e tyre ku kan\u00eb mbledhje. Ne po p\u00ebrkojm\u00eb mbi \u00e7far\u00eb urdhri nuk po lejohemi t\u00eb shkojm\u00eb te ambientet e pun\u00ebs. P\u00ebrve\u00e7 se na ka shpallur armik Linda, nuk na lejojn\u00eb t\u00eb futemi n\u00eb zyra. Vet\u00ebm 100 gardist\u00eb jan\u00eb t\u00eb zyra e Lind\u00ebs, sikur do e ham\u00eb. \u00cbsht\u00eb themeluar k\u00ebshtjella e Gard\u00ebs q\u00eb e mbron Lind\u00ebn sikur ne jemi banda, trafiku dhe mafia dhe po mbrohet. Ku \u00ebsht\u00eb par\u00eb kjo! Kjo \u00ebsht\u00eb e turpshme, e neveritshme.<br \/>\nE kuptoni se ku e kan\u00eb \u00e7uar k\u00ebta demokracin\u00eb? Dhun\u00eb, terror, mbyllen n\u00eb bunker. Ata mbyllen me hekura, a thua se ka ardhur mafia dhe krimi nd\u00ebrkomb\u00ebtar p\u00ebr t\u00eb sulmuar Lind\u00ebn!\u201d, tha Noka.<\/p>\n","protected":false},"excerpt":{"rendered":"<p>I vetmi q\u00eb ka hyr\u00eb n\u00eb kryesi, nga radh\u00ebt e deputet\u00ebve t\u00eb p\u00ebrjashtuar, \u00ebsht\u00eb Flamur Noka, i cili hipi p\u00ebrmes kangjellave. Ai tha p\u00ebr gazetarin e News24, Osman Stafa se Garda ka zbarkuar n\u00eb Kryesi dhe se duket sikur po p\u00ebrballen me nj\u00eb band\u00eb kriminale. \u201cT\u00eb shohim se \u00e7far\u00eb dokumenti do t\u00eb p\u00ebrpilojn\u00eb. Ndalojn\u00eb deputet\u00ebt [&hellip;]<\/p>\n","protected":false},"author":2,"featured_media":63920,"comment_status":"open","ping_status":"open","sticky":false,"template":"","format":"standard","meta":{"footnotes":""},"categories":[118,9],"tags":[],"class_list":{"0":"post-63919","1":"post","2":"type-post","3":"status-publish","4":"format-standard","5":"has-post-thumbnail","7":"category-kryesore","8":"category-politika"},"_links":{"self":[{"href":"https:\/\/neutrale.al\/index.php\/wp-json\/wp\/v2\/posts\/63919","targetHints":{"allow":["GET"]}}],"collection":[{"href":"https:\/\/neutrale.al\/index.php\/wp-json\/wp\/v2\/posts"}],"about":[{"href":"https:\/\/neutrale.al\/index.php\/wp-json\/wp\/v2\/types\/post"}],"author":[{"embeddable":true,"href":"https:\/\/neutrale.al\/index.php\/wp-json\/wp\/v2\/users\/2"}],"replies":[{"embeddable":true,"href":"https:\/\/neutrale.al\/index.php\/wp-json\/wp\/v2\/comments?post=63919"}],"version-history":[{"count":1,"href":"https:\/\/neutrale.al\/index.php\/wp-json\/wp\/v2\/posts\/63919\/revisions"}],"predecessor-version":[{"id":63921,"href":"https:\/\/neutrale.al\/index.php\/wp-json\/wp\/v2\/posts\/63919\/revisions\/63921"}],"wp:featuredmedia":[{"embeddable":true,"href":"https:\/\/neutrale.al\/index.php\/wp-json\/wp\/v2\/media\/63920"}],"wp:attachment":[{"href":"https:\/\/neutrale.al\/index.php\/wp-json\/wp\/v2\/media?parent=63919"}],"wp:term":[{"taxonomy":"category","embeddable":true,"href":"https:\/\/neutrale.al\/index.php\/wp-json\/wp\/v2\/categories?post=63919"},{"taxonomy":"post_tag","embeddable":true,"href":"https:\/\/neutrale.al\/index.php\/wp-json\/wp\/v2\/tags?post=63919"}],"curies":[{"name":"wp","href":"https:\/\/api.w.org\/{rel}","templated":true}]}}