{"id":63789,"date":"2023-11-04T12:35:51","date_gmt":"2023-11-04T12:35:51","guid":{"rendered":"https:\/\/neutrale.al\/?p=63789"},"modified":"2023-11-04T12:35:51","modified_gmt":"2023-11-04T12:35:51","slug":"dom-simon-jubani-do-te-shkruante-nder-te-tjera-ne-librin-e-tij-burgjet-e-mija","status":"publish","type":"post","link":"https:\/\/neutrale.al\/index.php\/2023\/11\/04\/dom-simon-jubani-do-te-shkruante-nder-te-tjera-ne-librin-e-tij-burgjet-e-mija\/","title":{"rendered":"Dom Simon Jubani do t\u00eb shkruante nd\u00ebr t\u00eb tjera n\u00eb librin e Tij &#8220;Burgjet e mija&#8221;:"},"content":{"rendered":"<p>P\u00ebrgatiti: Eliona Kodra Shkreli<\/p>\n<p>-&#8220;Erdh\u00ebn mbas k\u00ebsaj date dit\u00eb t\u00eb bukura e t\u00eb zymta. Liria, q\u00eb besuem se ishte fitue, filloi me u tall\u00eb me vetvedin.<br \/>\nKlasa politike shenoi edhe analet e historise se ketyne vjeteve, vetem shemtime. Prandaj, ndoshta, atmosfera e Meshes se pare mbeti e paharrueshme ne zemren e popullit, qe po zgjohej. E ndoshta prandaj permendet me nderim te thelle e me lot ne sy prej te gjitheve.&#8221;<\/p>\n<p>Mesha e par\u00eb e 4 N\u00ebntorit 1990, ishte guxim I madh karshi nj\u00eb regjimi t\u00eb eg\u00ebr totalitar, q\u00eb sh\u00ebmbi kisha e xhamia, privoi t\u00eb drejt\u00ebn e besimit n\u00eb Zot \u00e7ka ishte shum\u00eb e shenjt\u00eb p\u00ebr familjet shkodrane.<\/p>\n<p>Mesha e par\u00eb e guximshme, e udh\u00ebhequr nga dom Simon Jubani, ishte shpres\u00eb e ndryshimeve, shkodran\u00ebt (aq pak sa ishin) guxuan t\u00eb thyenin forc\u00ebn e totalitarizmit diktatorial e t\u00eb kthenin t\u00eb drejt\u00ebn e besimit publik, pa u fshehur pas mureve t\u00eb sht\u00ebpive dhe z\u00ebrit t\u00eb ul\u00ebt t\u00eb t\u00eb luturit t\u00eb Rruzares s\u00eb Shenjt\u00eb!<\/p>\n<p>Mesha e par\u00eb do t\u00eb sillte shum\u00eb shpejt mesh\u00ebn e madhe me 11 N\u00ebntor dhe hapjes s\u00eb xhamis\u00eb e Plumbit nga ana e  komunitetit mysliman e katolik t\u00eb udh\u00ebhequr nga Haxhi Hafiz Sabri Ko\u00e7i, duke dh\u00ebn\u00eb mesazhin e qart\u00eb se shkodran\u00ebt nuk mund t\u00eb fshihnin m\u00eb besimin e fort\u00eb n\u00eb Zot, \u00e7ka e karakterizon edhe sot Shkodr\u00ebn si qytet e si qark. <\/p>\n<p>Dom Simon Jubani s\u00eb bashku me dhjetra qytetar\u00eb do t\u00eb luftonin mend\u00ebsin\u00eb ateiste q\u00eb pushteti I asaj kohe ishte munduar p\u00ebr 45 vjet t\u00eb indoktrinonte tek \u00e7do shqiptar, duke shembur e shkat\u00ebrruar objektet e kultit, duke torturuar, persekutuar e pushkatuar klerin katolik e mysliman por duke mos arritur t\u00eb shuaj\u00eb besimin dhe dashurin\u00eb e madhe q\u00eb shkodran\u00ebt kan\u00eb p\u00ebr fen\u00eb e Zotit!<\/p>\n<p>Mesha e 4 N\u00ebntorit 1990 tek vorret e Rrmajit, do t\u00eb ishte drit\u00eb shprese e \u00e7lirimit nga mend\u00ebsia komuniste dhe prangat e atij regjimi. Shkodra ka sh\u00ebnuar e para revolucionin fetar dhe at\u00eb politik p\u00ebr t\u00eb \u00e7rr\u00ebnjosur mitin ateist dhe diktatorial t\u00eb Enver Hoxh\u00ebs dhe pushtetit t\u00eb Tij!<br \/>\nShkodra e ka vuajtur mbi kurriz, m\u00eb shum\u00eb se asnj\u00eb qytet tjet\u00ebr persekutimin komunist p\u00ebr shkakun e vet\u00ebm se Shkodra \u00ebsht\u00eb qytet I lir\u00eb dhe s&#8217;ka pranuar kurr\u00eb n\u00ebnshtrimin ndaj askujt p\u00ebrve\u00e7se n\u00ebnshtrimin ndaj Zotit e fes\u00eb!<\/p>\n<p>Historia e besimit fetar do mbetet gjithmon\u00eb n\u00eb Shkod\u00ebr, si qarku m\u00eb konservator p\u00ebrsa I p\u00ebrket mbrojtjes s\u00eb shenjtnis\u00eb s\u00eb fes\u00eb. Shkodra jo m\u00eb kot ka 38 martir\u00eb t\u00eb fes\u00eb, si asnj\u00eb vend tjet\u00ebr n\u00eb bot\u00eb \u00e7ka \u00ebsht\u00eb d\u00ebshmi historike e dashnis\u00eb q\u00eb shkodran\u00ebt kan\u00eb ndaj fes\u00eb dhe besimit n\u00eb Zot!<\/p>\n<p><img loading=\"lazy\" loading=\"lazy\" decoding=\"async\" src=\"https:\/\/neutrale.al\/wp-content\/uploads\/2023\/11\/a0e265fc-2926-47d9-83f2-e537694763d8-217x300.jpeg\" alt=\"\" width=\"217\" height=\"300\" class=\"alignnone size-medium wp-image-63790\" srcset=\"https:\/\/neutrale.al\/wp-content\/uploads\/2023\/11\/a0e265fc-2926-47d9-83f2-e537694763d8-217x300.jpeg 217w, https:\/\/neutrale.al\/wp-content\/uploads\/2023\/11\/a0e265fc-2926-47d9-83f2-e537694763d8-742x1024.jpeg 742w, https:\/\/neutrale.al\/wp-content\/uploads\/2023\/11\/a0e265fc-2926-47d9-83f2-e537694763d8-768x1060.jpeg 768w, https:\/\/neutrale.al\/wp-content\/uploads\/2023\/11\/a0e265fc-2926-47d9-83f2-e537694763d8.jpeg 816w\" sizes=\"auto, (max-width: 217px) 100vw, 217px\" \/><\/p>\n<p><img loading=\"lazy\" loading=\"lazy\" decoding=\"async\" src=\"https:\/\/neutrale.al\/wp-content\/uploads\/2023\/11\/9bffa3e5-31d3-43d4-999f-f986ac980874-300x202.jpeg\" alt=\"\" width=\"300\" height=\"202\" class=\"alignnone size-medium wp-image-63791\" srcset=\"https:\/\/neutrale.al\/wp-content\/uploads\/2023\/11\/9bffa3e5-31d3-43d4-999f-f986ac980874-300x202.jpeg 300w, https:\/\/neutrale.al\/wp-content\/uploads\/2023\/11\/9bffa3e5-31d3-43d4-999f-f986ac980874-768x517.jpeg 768w, https:\/\/neutrale.al\/wp-content\/uploads\/2023\/11\/9bffa3e5-31d3-43d4-999f-f986ac980874-860x579.jpeg 860w, https:\/\/neutrale.al\/wp-content\/uploads\/2023\/11\/9bffa3e5-31d3-43d4-999f-f986ac980874.jpeg 1005w\" sizes=\"auto, (max-width: 300px) 100vw, 300px\" \/><\/p>\n","protected":false},"excerpt":{"rendered":"<p>P\u00ebrgatiti: Eliona Kodra Shkreli -&#8220;Erdh\u00ebn mbas k\u00ebsaj date dit\u00eb t\u00eb bukura e t\u00eb zymta. Liria, q\u00eb besuem se ishte fitue, filloi me u tall\u00eb me vetvedin. Klasa politike shenoi edhe analet e historise se ketyne vjeteve, vetem shemtime. Prandaj, ndoshta, atmosfera e Meshes se pare mbeti e paharrueshme ne zemren e popullit, qe po zgjohej. [&hellip;]<\/p>\n","protected":false},"author":2,"featured_media":63792,"comment_status":"open","ping_status":"open","sticky":false,"template":"","format":"standard","meta":{"footnotes":""},"categories":[1],"tags":[],"class_list":{"0":"post-63789","1":"post","2":"type-post","3":"status-publish","4":"format-standard","5":"has-post-thumbnail","7":"category-te-tjera"},"_links":{"self":[{"href":"https:\/\/neutrale.al\/index.php\/wp-json\/wp\/v2\/posts\/63789","targetHints":{"allow":["GET"]}}],"collection":[{"href":"https:\/\/neutrale.al\/index.php\/wp-json\/wp\/v2\/posts"}],"about":[{"href":"https:\/\/neutrale.al\/index.php\/wp-json\/wp\/v2\/types\/post"}],"author":[{"embeddable":true,"href":"https:\/\/neutrale.al\/index.php\/wp-json\/wp\/v2\/users\/2"}],"replies":[{"embeddable":true,"href":"https:\/\/neutrale.al\/index.php\/wp-json\/wp\/v2\/comments?post=63789"}],"version-history":[{"count":1,"href":"https:\/\/neutrale.al\/index.php\/wp-json\/wp\/v2\/posts\/63789\/revisions"}],"predecessor-version":[{"id":63793,"href":"https:\/\/neutrale.al\/index.php\/wp-json\/wp\/v2\/posts\/63789\/revisions\/63793"}],"wp:featuredmedia":[{"embeddable":true,"href":"https:\/\/neutrale.al\/index.php\/wp-json\/wp\/v2\/media\/63792"}],"wp:attachment":[{"href":"https:\/\/neutrale.al\/index.php\/wp-json\/wp\/v2\/media?parent=63789"}],"wp:term":[{"taxonomy":"category","embeddable":true,"href":"https:\/\/neutrale.al\/index.php\/wp-json\/wp\/v2\/categories?post=63789"},{"taxonomy":"post_tag","embeddable":true,"href":"https:\/\/neutrale.al\/index.php\/wp-json\/wp\/v2\/tags?post=63789"}],"curies":[{"name":"wp","href":"https:\/\/api.w.org\/{rel}","templated":true}]}}