{"id":63613,"date":"2023-11-01T16:43:42","date_gmt":"2023-11-01T16:43:42","guid":{"rendered":"https:\/\/neutrale.al\/?p=63613"},"modified":"2023-11-01T16:43:42","modified_gmt":"2023-11-01T16:43:42","slug":"rama-tetori-roze-u-mbyll-me-11750-mamografi-te-kryera-falas","status":"publish","type":"post","link":"https:\/\/neutrale.al\/index.php\/2023\/11\/01\/rama-tetori-roze-u-mbyll-me-11750-mamografi-te-kryera-falas\/","title":{"rendered":"Rama: Tetori roz\u00eb u mbyll me 11750 mamografi t\u00eb kryera falas"},"content":{"rendered":"<p>Kryeministri Edi Rama ka njoftuar se brenda muajit Tetor jan\u00eb kryer 11750 mamografi falas p\u00ebr grat\u00eb dhe vajzat.<\/p>\n<p>P\u00ebrmes nj\u00eb postimi n\u00eb rrjetet sociale, ai thekson se 922 mamografi u kryen nga nj\u00ebsit\u00eb l\u00ebviz\u00ebse t\u00eb shp\u00ebrndara n\u00ebp\u00ebr vend.<\/p>\n<p>Ai thekson se \u00ebsht\u00eb rritur nd\u00ebrgjegj\u00ebsimi n\u00eb shoq\u00ebrin\u00eb ton\u00eb sa i takon k\u00ebsaj s\u00ebmundjeje.<\/p>\n<p>\u201cK\u00ebt\u00eb vit TetoriRoz\u00eb u mbyll me 11.750 mamomgrafi falas p\u00ebr grat\u00eb dhe vajzat, ku 922 prej tyre t\u00eb kryera n\u00eb nj\u00ebsit\u00eb l\u00ebviz\u00ebse t\u00eb hapura cep m\u00eb cep Shqip\u00ebris\u00eb p\u00ebrgjat\u00eb muajit t\u00eb nd\u00ebrgjegj\u00ebsimit kund\u00ebr kancerit t\u00eb gjirit, \u00e7ka d\u00ebshmon edhe p\u00ebr nd\u00ebrgjegj\u00ebsimin n\u00eb rritje t\u00eb shoq\u00ebris\u00eb son\u00eb\u201d, shkruan kreu i qeveris\u00eb.<\/p>\n<p><img loading=\"lazy\" loading=\"lazy\" decoding=\"async\" src=\"https:\/\/neutrale.al\/wp-content\/uploads\/2023\/11\/591ff2bf-7287-4baa-8472-1a9d75d0281c-240x300.jpeg\" alt=\"\" width=\"240\" height=\"300\" class=\"alignnone size-medium wp-image-63614\" srcset=\"https:\/\/neutrale.al\/wp-content\/uploads\/2023\/11\/591ff2bf-7287-4baa-8472-1a9d75d0281c-240x300.jpeg 240w, https:\/\/neutrale.al\/wp-content\/uploads\/2023\/11\/591ff2bf-7287-4baa-8472-1a9d75d0281c-819x1024.jpeg 819w, https:\/\/neutrale.al\/wp-content\/uploads\/2023\/11\/591ff2bf-7287-4baa-8472-1a9d75d0281c-768x960.jpeg 768w, https:\/\/neutrale.al\/wp-content\/uploads\/2023\/11\/591ff2bf-7287-4baa-8472-1a9d75d0281c-860x1075.jpeg 860w, https:\/\/neutrale.al\/wp-content\/uploads\/2023\/11\/591ff2bf-7287-4baa-8472-1a9d75d0281c.jpeg 1024w\" sizes=\"auto, (max-width: 240px) 100vw, 240px\" \/><\/p>\n","protected":false},"excerpt":{"rendered":"<p>Kryeministri Edi Rama ka njoftuar se brenda muajit Tetor jan\u00eb kryer 11750 mamografi falas p\u00ebr grat\u00eb dhe vajzat. P\u00ebrmes nj\u00eb postimi n\u00eb rrjetet sociale, ai thekson se 922 mamografi u kryen nga nj\u00ebsit\u00eb l\u00ebviz\u00ebse t\u00eb shp\u00ebrndara n\u00ebp\u00ebr vend. Ai thekson se \u00ebsht\u00eb rritur nd\u00ebrgjegj\u00ebsimi n\u00eb shoq\u00ebrin\u00eb ton\u00eb sa i takon k\u00ebsaj s\u00ebmundjeje. \u201cK\u00ebt\u00eb vit TetoriRoz\u00eb [&hellip;]<\/p>\n","protected":false},"author":2,"featured_media":63615,"comment_status":"open","ping_status":"open","sticky":false,"template":"","format":"standard","meta":{"footnotes":""},"categories":[118],"tags":[],"class_list":{"0":"post-63613","1":"post","2":"type-post","3":"status-publish","4":"format-standard","5":"has-post-thumbnail","7":"category-kryesore"},"_links":{"self":[{"href":"https:\/\/neutrale.al\/index.php\/wp-json\/wp\/v2\/posts\/63613","targetHints":{"allow":["GET"]}}],"collection":[{"href":"https:\/\/neutrale.al\/index.php\/wp-json\/wp\/v2\/posts"}],"about":[{"href":"https:\/\/neutrale.al\/index.php\/wp-json\/wp\/v2\/types\/post"}],"author":[{"embeddable":true,"href":"https:\/\/neutrale.al\/index.php\/wp-json\/wp\/v2\/users\/2"}],"replies":[{"embeddable":true,"href":"https:\/\/neutrale.al\/index.php\/wp-json\/wp\/v2\/comments?post=63613"}],"version-history":[{"count":2,"href":"https:\/\/neutrale.al\/index.php\/wp-json\/wp\/v2\/posts\/63613\/revisions"}],"predecessor-version":[{"id":63617,"href":"https:\/\/neutrale.al\/index.php\/wp-json\/wp\/v2\/posts\/63613\/revisions\/63617"}],"wp:featuredmedia":[{"embeddable":true,"href":"https:\/\/neutrale.al\/index.php\/wp-json\/wp\/v2\/media\/63615"}],"wp:attachment":[{"href":"https:\/\/neutrale.al\/index.php\/wp-json\/wp\/v2\/media?parent=63613"}],"wp:term":[{"taxonomy":"category","embeddable":true,"href":"https:\/\/neutrale.al\/index.php\/wp-json\/wp\/v2\/categories?post=63613"},{"taxonomy":"post_tag","embeddable":true,"href":"https:\/\/neutrale.al\/index.php\/wp-json\/wp\/v2\/tags?post=63613"}],"curies":[{"name":"wp","href":"https:\/\/api.w.org\/{rel}","templated":true}]}}