{"id":63527,"date":"2023-10-31T17:10:46","date_gmt":"2023-10-31T17:10:46","guid":{"rendered":"https:\/\/neutrale.al\/?p=63527"},"modified":"2023-10-31T17:10:46","modified_gmt":"2023-10-31T17:10:46","slug":"grupi-parlamentar-berisha-dhemb-per-dhemb-me-edi-ramen","status":"publish","type":"post","link":"https:\/\/neutrale.al\/index.php\/2023\/10\/31\/grupi-parlamentar-berisha-dhemb-per-dhemb-me-edi-ramen\/","title":{"rendered":"Grupi parlamentar\/ Berisha: Dh\u00ebmb p\u00ebr dh\u00ebmb me Edi Ram\u00ebn!"},"content":{"rendered":"<p>Kreu demokrat, Sali Berisha ka folur p\u00ebr gazetar\u00ebt pas p\u00ebrfundimit t\u00eb mbledhjes s\u00eb zhvilluar me Kryetarin e Grupit Parlamentar,\u00a0Gazment Bardhin dhe deputet\u00ebt e opozit\u00ebs. Ai u shpreh se do t\u00eb vijojn\u00eb \u2018betej\u00ebn ndaj pozit\u00ebs\u2019, nd\u00ebrsa u ka b\u00ebr\u00eb thirrje deputet\u00ebve t\u00eb PS q\u00eb t\u00eb \u2018mos i provokojn\u00eb\u2019 teksa opozita proteston n\u00eb Kuvend.<\/p>\n<p>\u201cU diskutua gjer\u00ebsisht se si ti p\u00ebrgjigjemi dh\u00ebmb\u00eb p\u00ebr dh\u00ebmb, p\u00ebrpjekjeve t\u00eb Edi Ram\u00ebs p\u00ebr t\u00eb vazhduar me mohimin e t\u00eb drejtave Kushtetuese t\u00eb deputet\u00ebve n\u00eb parlament.<\/p>\n<p>S\u00eb pari, d\u00ebnon \u00e7do provokim q\u00eb b\u00ebhet n\u00eb koh\u00ebn q\u00eb ne jemi n\u00eb protest\u00eb n\u00eb parlament. Un\u00eb ju k\u00ebrkoj deputet\u00ebve socialist\u00eb mos merrni rolin e provokatorit. N\u00ebse ne protestojm\u00eb p\u00ebr t\u00eb drejtat kushtetuese t\u00eb deputetit, minimumi \u00ebsht\u00eb t\u00eb respektoni protest\u00ebn.<\/p>\n<p>T\u00eb mos ndodh\u00eb si dje, ne protestonim dhe ata merrnin fjal\u00ebn se si e si, t\u00eb zhurmonin protest\u00ebn ton\u00eb. Kjo situat\u00eb i turp\u00ebron ata. Ne po protestojm\u00eb p\u00ebr problemet m\u00eb t\u00eb drejta p\u00ebr ekzistenc\u00ebn e parlamentit dhe pluralizmit.<\/p>\n<p>Kjo \u00ebsht\u00eb thirrja ime p\u00ebr ta. P\u00ebrgjigja, ju do ta ndiqni sepse asgj\u00eb sekret nuk kemi ne, dhe do t\u00eb jet\u00eb publike.<\/p>\n<p>Edi Rama, po ua them un\u00eb ju, ka zgjedhur taktik\u00eb q\u00eb t\u00eb mbyll\u00eb parlamentin, n\u00eb m\u00ebnyr\u00eb q\u00eb ta b\u00ebj\u00eb t\u00eb paqen\u00eb parlamentin.\u00a0Do t\u00eb ket\u00eb nj\u00eb dat\u00eb n\u00eb dat\u00ebn 2 n\u00ebntor dhe seanc\u00ebn tjet\u00ebr e ka vendosur p\u00ebr ta b\u00ebr\u00eb n\u00eb dat\u00ebn 22.<\/p>\n<p>Ne nuk pranojm\u00eb asnj\u00eb praktik\u00eb t\u00eb till\u00eb, ne vazhdojm\u00eb betej\u00ebn. Ne si parlamentar jemi t\u00eb betuar q\u00eb do t\u00eb rivendosim t\u00eb drejtat tona Kushtetuese\u201d, tha Berisha.<\/p>\n<p>\u00a0<\/p>\n","protected":false},"excerpt":{"rendered":"<p>Kreu demokrat, Sali Berisha ka folur p\u00ebr gazetar\u00ebt pas p\u00ebrfundimit t\u00eb mbledhjes s\u00eb zhvilluar me Kryetarin e Grupit Parlamentar,\u00a0Gazment Bardhin dhe deputet\u00ebt e opozit\u00ebs. Ai u shpreh se do t\u00eb vijojn\u00eb \u2018betej\u00ebn ndaj pozit\u00ebs\u2019, nd\u00ebrsa u ka b\u00ebr\u00eb thirrje deputet\u00ebve t\u00eb PS q\u00eb t\u00eb \u2018mos i provokojn\u00eb\u2019 teksa opozita proteston n\u00eb Kuvend. \u201cU diskutua gjer\u00ebsisht [&hellip;]<\/p>\n","protected":false},"author":2,"featured_media":63528,"comment_status":"open","ping_status":"open","sticky":false,"template":"","format":"standard","meta":{"footnotes":""},"categories":[118,9],"tags":[],"class_list":{"0":"post-63527","1":"post","2":"type-post","3":"status-publish","4":"format-standard","5":"has-post-thumbnail","7":"category-kryesore","8":"category-politika"},"_links":{"self":[{"href":"https:\/\/neutrale.al\/index.php\/wp-json\/wp\/v2\/posts\/63527","targetHints":{"allow":["GET"]}}],"collection":[{"href":"https:\/\/neutrale.al\/index.php\/wp-json\/wp\/v2\/posts"}],"about":[{"href":"https:\/\/neutrale.al\/index.php\/wp-json\/wp\/v2\/types\/post"}],"author":[{"embeddable":true,"href":"https:\/\/neutrale.al\/index.php\/wp-json\/wp\/v2\/users\/2"}],"replies":[{"embeddable":true,"href":"https:\/\/neutrale.al\/index.php\/wp-json\/wp\/v2\/comments?post=63527"}],"version-history":[{"count":2,"href":"https:\/\/neutrale.al\/index.php\/wp-json\/wp\/v2\/posts\/63527\/revisions"}],"predecessor-version":[{"id":63530,"href":"https:\/\/neutrale.al\/index.php\/wp-json\/wp\/v2\/posts\/63527\/revisions\/63530"}],"wp:featuredmedia":[{"embeddable":true,"href":"https:\/\/neutrale.al\/index.php\/wp-json\/wp\/v2\/media\/63528"}],"wp:attachment":[{"href":"https:\/\/neutrale.al\/index.php\/wp-json\/wp\/v2\/media?parent=63527"}],"wp:term":[{"taxonomy":"category","embeddable":true,"href":"https:\/\/neutrale.al\/index.php\/wp-json\/wp\/v2\/categories?post=63527"},{"taxonomy":"post_tag","embeddable":true,"href":"https:\/\/neutrale.al\/index.php\/wp-json\/wp\/v2\/tags?post=63527"}],"curies":[{"name":"wp","href":"https:\/\/api.w.org\/{rel}","templated":true}]}}