{"id":6350,"date":"2022-06-21T16:27:47","date_gmt":"2022-06-21T16:27:47","guid":{"rendered":"https:\/\/neutrale.al\/?p=6350"},"modified":"2022-06-21T16:27:47","modified_gmt":"2022-06-21T16:27:47","slug":"ish-miss-brazili-ka-vdekur-ne-moshen-27-vjecare","status":"publish","type":"post","link":"https:\/\/neutrale.al\/index.php\/2022\/06\/21\/ish-miss-brazili-ka-vdekur-ne-moshen-27-vjecare\/","title":{"rendered":"Ish-Miss\u00a0Brazili\u00a0ka vdekur n\u00eb mosh\u00ebn 27-vje\u00e7are."},"content":{"rendered":"<p>Ajo nd\u00ebrroi jet\u00eb nga hemorragjia e brendshme dhe atak n\u00eb zem\u00ebr pas nj\u00eb operacioni t\u00eb bajameve. <\/p>\n<p>Mbret\u00ebresha e bukuris\u00eb Espa\u00e7o Gleycy Correia, e cila u kuror\u00ebzua Miss Brazili n\u00eb vitin 2018, vdiq n\u00eb nj\u00eb klinik\u00eb private t\u00eb h\u00ebn\u00ebn. <\/p>\n<p>Correia, nga Macae, Brazili juglindor, p\u00ebsoi hemorragji dhe nj\u00eb atak n\u00eb zem\u00ebr pas operacionit t\u00eb heqjes s\u00eb bajameve.\u00a0Ajo\u00a0mbeti\u00a0n\u00eb koma p\u00ebr dy muaj pas arrestit kardiak n\u00eb prill.<br \/>\nSot ajo u nda nga jeta. <\/p>\n<p>Correia u kuror\u00ebzua Miss Brazil n\u00eb vitin 2018. Ajo ishte gjithashtu nj\u00eb sip\u00ebrmarr\u00ebse e specializuar <\/p>\n<p>n\u00eb terapin\u00eb me lazer dhe grimin e p\u00ebrhersh\u00ebm.<\/p>\n<p><img loading=\"lazy\" loading=\"lazy\" decoding=\"async\" src=\"https:\/\/neutrale.al\/wp-content\/uploads\/2022\/06\/FEA28935-B969-4281-8123-306DE8C9A9EC-272x300.jpeg\" alt=\"\" width=\"272\" height=\"300\" class=\"alignnone size-medium wp-image-6351\" srcset=\"https:\/\/neutrale.al\/wp-content\/uploads\/2022\/06\/FEA28935-B969-4281-8123-306DE8C9A9EC-272x300.jpeg 272w, https:\/\/neutrale.al\/wp-content\/uploads\/2022\/06\/FEA28935-B969-4281-8123-306DE8C9A9EC-928x1024.jpeg 928w, https:\/\/neutrale.al\/wp-content\/uploads\/2022\/06\/FEA28935-B969-4281-8123-306DE8C9A9EC-768x847.jpeg 768w, https:\/\/neutrale.al\/wp-content\/uploads\/2022\/06\/FEA28935-B969-4281-8123-306DE8C9A9EC-860x949.jpeg 860w, https:\/\/neutrale.al\/wp-content\/uploads\/2022\/06\/FEA28935-B969-4281-8123-306DE8C9A9EC.jpeg 1000w\" sizes=\"auto, (max-width: 272px) 100vw, 272px\" \/><\/p>\n","protected":false},"excerpt":{"rendered":"<p>Ajo nd\u00ebrroi jet\u00eb nga hemorragjia e brendshme dhe atak n\u00eb zem\u00ebr pas nj\u00eb operacioni t\u00eb bajameve. Mbret\u00ebresha e bukuris\u00eb Espa\u00e7o Gleycy Correia, e cila u kuror\u00ebzua Miss Brazili n\u00eb vitin 2018, vdiq n\u00eb nj\u00eb klinik\u00eb private t\u00eb h\u00ebn\u00ebn. Correia, nga Macae, Brazili juglindor, p\u00ebsoi hemorragji dhe nj\u00eb atak n\u00eb zem\u00ebr pas operacionit t\u00eb heqjes s\u00eb [&hellip;]<\/p>\n","protected":false},"author":2,"featured_media":6352,"comment_status":"open","ping_status":"open","sticky":false,"template":"","format":"standard","meta":{"footnotes":""},"categories":[12],"tags":[],"class_list":{"0":"post-6350","1":"post","2":"type-post","3":"status-publish","4":"format-standard","5":"has-post-thumbnail","7":"category-bota"},"_links":{"self":[{"href":"https:\/\/neutrale.al\/index.php\/wp-json\/wp\/v2\/posts\/6350","targetHints":{"allow":["GET"]}}],"collection":[{"href":"https:\/\/neutrale.al\/index.php\/wp-json\/wp\/v2\/posts"}],"about":[{"href":"https:\/\/neutrale.al\/index.php\/wp-json\/wp\/v2\/types\/post"}],"author":[{"embeddable":true,"href":"https:\/\/neutrale.al\/index.php\/wp-json\/wp\/v2\/users\/2"}],"replies":[{"embeddable":true,"href":"https:\/\/neutrale.al\/index.php\/wp-json\/wp\/v2\/comments?post=6350"}],"version-history":[{"count":1,"href":"https:\/\/neutrale.al\/index.php\/wp-json\/wp\/v2\/posts\/6350\/revisions"}],"predecessor-version":[{"id":6353,"href":"https:\/\/neutrale.al\/index.php\/wp-json\/wp\/v2\/posts\/6350\/revisions\/6353"}],"wp:featuredmedia":[{"embeddable":true,"href":"https:\/\/neutrale.al\/index.php\/wp-json\/wp\/v2\/media\/6352"}],"wp:attachment":[{"href":"https:\/\/neutrale.al\/index.php\/wp-json\/wp\/v2\/media?parent=6350"}],"wp:term":[{"taxonomy":"category","embeddable":true,"href":"https:\/\/neutrale.al\/index.php\/wp-json\/wp\/v2\/categories?post=6350"},{"taxonomy":"post_tag","embeddable":true,"href":"https:\/\/neutrale.al\/index.php\/wp-json\/wp\/v2\/tags?post=6350"}],"curies":[{"name":"wp","href":"https:\/\/api.w.org\/{rel}","templated":true}]}}