{"id":62985,"date":"2023-10-25T08:49:58","date_gmt":"2023-10-25T08:49:58","guid":{"rendered":"https:\/\/neutrale.al\/?p=62985"},"modified":"2023-10-25T08:49:58","modified_gmt":"2023-10-25T08:49:58","slug":"te-krishteret-jane-kripa-e-botes-imzot-dodaj-nuk-shqetesohem-per-statistikat","status":"publish","type":"post","link":"https:\/\/neutrale.al\/index.php\/2023\/10\/25\/te-krishteret-jane-kripa-e-botes-imzot-dodaj-nuk-shqetesohem-per-statistikat\/","title":{"rendered":"\u201cT\u00eb krishter\u00ebt jan\u00eb kripa e bot\u00ebs\u201d, imzot Dodaj: Nuk shqet\u00ebsohem p\u00ebr statistikat."},"content":{"rendered":"<p>Arqipeshkvi i Kish\u00ebs Katolike p\u00ebr Tiran\u00ebn dhe Durr\u00ebsin, Arjan Dodaj tha n\u00eb emisionin GoodMornng Albanians se p\u00ebr kish\u00ebn katolike nuk ka r\u00ebnd\u00ebsi numri i besimtar\u00ebve por nd\u00ebrgjegj\u00ebsimi i tyre.<\/p>\n<p>I pyetur lidhur me deklaratat e klerik\u00ebve t\u00eb feve t\u00eb tjera, t\u00eb cil\u00ebt n\u00eb kuad\u00ebr t\u00eb censit kan\u00eb b\u00ebr\u00eb thirrje p\u00ebr deklarimin e besimit fetar, ai tha se nuk e shqet\u00ebson fakti se sa jan\u00eb n\u00eb num\u00ebr katolik\u00ebt, por q\u00eb t\u00eb sensibilizohet nd\u00ebrgjegjja e besimtar\u00ebve<\/p>\n<p>Nuk jemi n\u00eb nj\u00eb gar\u00eb apo ndeshje, \u00ebsht\u00eb i bukur fakti kur jemi t\u00eb gjith\u00eb s\u00eb bashku, sa keq do ishte sikur n\u00eb familjet tona t\u00eb mungonte nj\u00eb person i fes\u00eb tjet\u00ebr. <\/p>\n<p>Nuk m\u00eb shqet\u00ebson fare fakti sa jeni n\u00eb num\u00ebr. <\/p>\n<p>Jezusi thot\u00eb q\u00eb duhet t\u00eb jemi kripa e bot\u00ebs, kripa n\u00ebse \u00ebsht\u00eb shum\u00eb, b\u00ebhet e d\u00ebmshme. <\/p>\n<p>Papa Benedikti thoshte q\u00eb n\u00eb bot\u00ebn per\u00ebndimore feja po k\u00ebrkohet t\u00eb kthehet n\u00eb nj\u00eb faktor privat.<br \/>\nP\u00ebr ne nuk \u00ebsht\u00eb i r\u00ebnd\u00ebsish\u00ebm numri po q\u00eb t\u00eb sensibilizohet nd\u00ebrgjegjja e besimtar\u00ebve\u201d, tha imzot Dodaj.<\/p>\n<p>https:\/\/lnkd.in\/dyzQMsRG<\/p>\n","protected":false},"excerpt":{"rendered":"<p>Arqipeshkvi i Kish\u00ebs Katolike p\u00ebr Tiran\u00ebn dhe Durr\u00ebsin, Arjan Dodaj tha n\u00eb emisionin GoodMornng Albanians se p\u00ebr kish\u00ebn katolike nuk ka r\u00ebnd\u00ebsi numri i besimtar\u00ebve por nd\u00ebrgjegj\u00ebsimi i tyre. I pyetur lidhur me deklaratat e klerik\u00ebve t\u00eb feve t\u00eb tjera, t\u00eb cil\u00ebt n\u00eb kuad\u00ebr t\u00eb censit kan\u00eb b\u00ebr\u00eb thirrje p\u00ebr deklarimin e besimit fetar, ai [&hellip;]<\/p>\n","protected":false},"author":2,"featured_media":62987,"comment_status":"open","ping_status":"open","sticky":false,"template":"","format":"standard","meta":{"footnotes":""},"categories":[118],"tags":[],"class_list":{"0":"post-62985","1":"post","2":"type-post","3":"status-publish","4":"format-standard","5":"has-post-thumbnail","7":"category-kryesore"},"_links":{"self":[{"href":"https:\/\/neutrale.al\/index.php\/wp-json\/wp\/v2\/posts\/62985","targetHints":{"allow":["GET"]}}],"collection":[{"href":"https:\/\/neutrale.al\/index.php\/wp-json\/wp\/v2\/posts"}],"about":[{"href":"https:\/\/neutrale.al\/index.php\/wp-json\/wp\/v2\/types\/post"}],"author":[{"embeddable":true,"href":"https:\/\/neutrale.al\/index.php\/wp-json\/wp\/v2\/users\/2"}],"replies":[{"embeddable":true,"href":"https:\/\/neutrale.al\/index.php\/wp-json\/wp\/v2\/comments?post=62985"}],"version-history":[{"count":1,"href":"https:\/\/neutrale.al\/index.php\/wp-json\/wp\/v2\/posts\/62985\/revisions"}],"predecessor-version":[{"id":62988,"href":"https:\/\/neutrale.al\/index.php\/wp-json\/wp\/v2\/posts\/62985\/revisions\/62988"}],"wp:featuredmedia":[{"embeddable":true,"href":"https:\/\/neutrale.al\/index.php\/wp-json\/wp\/v2\/media\/62987"}],"wp:attachment":[{"href":"https:\/\/neutrale.al\/index.php\/wp-json\/wp\/v2\/media?parent=62985"}],"wp:term":[{"taxonomy":"category","embeddable":true,"href":"https:\/\/neutrale.al\/index.php\/wp-json\/wp\/v2\/categories?post=62985"},{"taxonomy":"post_tag","embeddable":true,"href":"https:\/\/neutrale.al\/index.php\/wp-json\/wp\/v2\/tags?post=62985"}],"curies":[{"name":"wp","href":"https:\/\/api.w.org\/{rel}","templated":true}]}}