{"id":6291,"date":"2022-06-21T07:28:31","date_gmt":"2022-06-21T07:28:31","guid":{"rendered":"https:\/\/neutrale.al\/?p=6291"},"modified":"2022-06-21T07:28:31","modified_gmt":"2022-06-21T07:28:31","slug":"prognoza-alarmuese-e-ekonomise-evropiane-dhe-ballkanit","status":"publish","type":"post","link":"https:\/\/neutrale.al\/index.php\/2022\/06\/21\/prognoza-alarmuese-e-ekonomise-evropiane-dhe-ballkanit\/","title":{"rendered":"Prognoza alarmuese e ekonomis\u00eb Evropiane&#8230;dhe Ballkanit."},"content":{"rendered":"<p>Nouriel Roubini,\u00a0 ekonomist i shquar iraniano-amerikan dhe lektor n\u00eb New York University&#8217;s Stern School of Business, n\u00eb nj\u00eb editorial n\u00eb Financial Times ka ngritur alarmin p\u00ebr t\u00eb ardhmen e Evrop\u00ebs, natyrisht edhe Ballkani. Ai argumenton se k\u00ebto vende do t\u00eb ballafaqohen me nj\u00eb kriz\u00eb shum\u00eb t\u00eb r\u00ebnd\u00eb. Eksperti paralajm\u00ebron p\u00ebr papun\u00ebsin\u00eb n\u00eb rritje dhe Bashkimi Evropian do t\u00eb futet n\u00eb kaos.<br \/>\nRoubini midis viteve 2004 dhe 2007 shkaktoi shum\u00eb diskutime n\u00eb komunitetin nd\u00ebrkomb\u00ebtar t\u00eb ekonomist\u00ebve, sepse n\u00eb nj\u00eb seri botimesh dhe nd\u00ebrhyrjesh, q\u00eb kulmuan me nj\u00eb fjalim para Fondit Monetar Nd\u00ebrkomb\u00ebtar n\u00eb vitin 2006, ai n\u00ebnvizoi paraprakisht p\u00ebrcaktuesit e recesionit t\u00eb madh t\u00eb ardhsh\u00ebm: a- borxhin e tep\u00ebrt privat i investuar n\u00eb produkte me rrezikshm\u00ebri t\u00eb lart\u00eb, b- rrezik moral n\u00eb financa, c- shk\u00ebputje me ekonomin\u00eb reale.<br \/>\nGjithashtu nga gazeta, City of London, profesori i Universitetit t\u00eb Nju Jorkut, nj\u00eb nga ekspert\u00ebt kryesor\u00eb n\u00eb mendimin e John Maynard Keynes, t\u00ebrheq v\u00ebmendjen: Evropa rrezikon t\u00eb jet\u00eb epiqendra e nj\u00eb faze t\u00eb re paq\u00ebndrueshm\u00ebrie n\u00eb ekonomin\u00eb globale.<br \/>\nRoubini, n\u00ebp\u00ebrmjet rubrikave t\u00eb Financial Times sqaron me autoritet perimetrin e k\u00ebsaj hipoteze, duke n\u00ebnvizuar, se n\u00eb epok\u00ebn e inflacionit galopant dhe kriz\u00ebs energjetike BE mund t\u00eb shkoj\u00eb drejt nj\u00eb situate emergjente. Roubini shkruan se \u201cEurozona ndikohet nga rritja e dob\u00ebt potenciale dhe krijimi i vendeve t\u00eb pun\u00ebs. Nj\u00eb ulje e v\u00ebshtir\u00eb \u201csi p\u00ebrgjigje ndaj inflacionit&#8221;, sipas tij, jo vet\u00ebm q\u00eb do t&#8217;i p\u00ebrkeq\u00ebsonte k\u00ebto probleme, por do t\u00eb intensifikonte shqet\u00ebsimet e tregut p\u00ebr q\u00ebndrueshm\u00ebrin\u00eb e borxhit ose rrezikun e fragmentimit.<br \/>\nP\u00ebr Roubini, \u201ccikli i fatit\u201d \u00ebsht\u00eb ai i lidhjes \u201cmidis qeverive me borxhe dhe bankave qendrore q\u00eb mbajn\u00eb at\u00eb borxh\u201d nga q\u00ebndrimi i t\u00eb cilave varet \u00e7do marzh real i politik\u00ebs fiskale. Njeriu q\u00eb parashikoi kriz\u00ebn flet n\u00eb m\u00ebnyr\u00eb t\u00eb drejtp\u00ebrdrejt\u00eb: kushdo q\u00eb ka sy p\u00ebr t\u00eb par\u00eb e di se Evropa rrezikon \u201cqaf\u00ebn e saj\u201d, e shtrydhur mes krizave globale n\u00eb zhvillim dhe p\u00ebrshpejtuesit t\u00eb luft\u00ebs s\u00eb Ukrain\u00ebs.<\/p>\n<p><img loading=\"lazy\" loading=\"lazy\" decoding=\"async\" src=\"https:\/\/neutrale.al\/wp-content\/uploads\/2022\/06\/F7B81E69-7543-46C0-959B-4238E5A3929A-300x235.jpeg\" alt=\"\" width=\"300\" height=\"235\" class=\"alignnone size-medium wp-image-6292\" srcset=\"https:\/\/neutrale.al\/wp-content\/uploads\/2022\/06\/F7B81E69-7543-46C0-959B-4238E5A3929A-300x235.jpeg 300w, https:\/\/neutrale.al\/wp-content\/uploads\/2022\/06\/F7B81E69-7543-46C0-959B-4238E5A3929A-1024x801.jpeg 1024w, https:\/\/neutrale.al\/wp-content\/uploads\/2022\/06\/F7B81E69-7543-46C0-959B-4238E5A3929A-768x601.jpeg 768w, https:\/\/neutrale.al\/wp-content\/uploads\/2022\/06\/F7B81E69-7543-46C0-959B-4238E5A3929A-860x673.jpeg 860w, https:\/\/neutrale.al\/wp-content\/uploads\/2022\/06\/F7B81E69-7543-46C0-959B-4238E5A3929A.jpeg 1284w\" sizes=\"auto, (max-width: 300px) 100vw, 300px\" \/><\/p>\n","protected":false},"excerpt":{"rendered":"<p>Nouriel Roubini,\u00a0 ekonomist i shquar iraniano-amerikan dhe lektor n\u00eb New York University&#8217;s Stern School of Business, n\u00eb nj\u00eb editorial n\u00eb Financial Times ka ngritur alarmin p\u00ebr t\u00eb ardhmen e Evrop\u00ebs, natyrisht edhe Ballkani. Ai argumenton se k\u00ebto vende do t\u00eb ballafaqohen me nj\u00eb kriz\u00eb shum\u00eb t\u00eb r\u00ebnd\u00eb. Eksperti paralajm\u00ebron p\u00ebr papun\u00ebsin\u00eb n\u00eb rritje dhe Bashkimi [&hellip;]<\/p>\n","protected":false},"author":2,"featured_media":6293,"comment_status":"open","ping_status":"open","sticky":false,"template":"","format":"standard","meta":{"footnotes":""},"categories":[10],"tags":[],"class_list":{"0":"post-6291","1":"post","2":"type-post","3":"status-publish","4":"format-standard","5":"has-post-thumbnail","7":"category-ekonomia"},"_links":{"self":[{"href":"https:\/\/neutrale.al\/index.php\/wp-json\/wp\/v2\/posts\/6291","targetHints":{"allow":["GET"]}}],"collection":[{"href":"https:\/\/neutrale.al\/index.php\/wp-json\/wp\/v2\/posts"}],"about":[{"href":"https:\/\/neutrale.al\/index.php\/wp-json\/wp\/v2\/types\/post"}],"author":[{"embeddable":true,"href":"https:\/\/neutrale.al\/index.php\/wp-json\/wp\/v2\/users\/2"}],"replies":[{"embeddable":true,"href":"https:\/\/neutrale.al\/index.php\/wp-json\/wp\/v2\/comments?post=6291"}],"version-history":[{"count":1,"href":"https:\/\/neutrale.al\/index.php\/wp-json\/wp\/v2\/posts\/6291\/revisions"}],"predecessor-version":[{"id":6294,"href":"https:\/\/neutrale.al\/index.php\/wp-json\/wp\/v2\/posts\/6291\/revisions\/6294"}],"wp:featuredmedia":[{"embeddable":true,"href":"https:\/\/neutrale.al\/index.php\/wp-json\/wp\/v2\/media\/6293"}],"wp:attachment":[{"href":"https:\/\/neutrale.al\/index.php\/wp-json\/wp\/v2\/media?parent=6291"}],"wp:term":[{"taxonomy":"category","embeddable":true,"href":"https:\/\/neutrale.al\/index.php\/wp-json\/wp\/v2\/categories?post=6291"},{"taxonomy":"post_tag","embeddable":true,"href":"https:\/\/neutrale.al\/index.php\/wp-json\/wp\/v2\/tags?post=6291"}],"curies":[{"name":"wp","href":"https:\/\/api.w.org\/{rel}","templated":true}]}}