{"id":62644,"date":"2023-10-21T18:18:14","date_gmt":"2023-10-21T18:18:14","guid":{"rendered":"https:\/\/neutrale.al\/?p=62644"},"modified":"2023-10-21T18:18:14","modified_gmt":"2023-10-21T18:18:14","slug":"ndalohet-nga-policia-jamarber-malltezi-ndersa-per-ish-kryeministrin-berisha-detyrim-paraqitje","status":"publish","type":"post","link":"https:\/\/neutrale.al\/index.php\/2023\/10\/21\/ndalohet-nga-policia-jamarber-malltezi-ndersa-per-ish-kryeministrin-berisha-detyrim-paraqitje\/","title":{"rendered":"Ndalohet nga policia Jamarb\u00ebr Malltezi, nd\u00ebrsa p\u00ebr ish-kryeministrin Berisha, detyrim paraqitje"},"content":{"rendered":"<p>Jamarb\u00ebr Malltezi \u00ebsht\u00eb ndaluar nga policia mbr\u00ebmjen e sotme n\u00eb aeroportin e Rinasit, nd\u00ebrsa i \u00ebsht\u00eb caktuar edhe masa \u201carrest me burg\u201d p\u00ebr privatizimin e kompeksit \u201cPartizani\u201d.<\/p>\n<p>Gjithashtu GJKKO ka caktuar mbr\u00ebmjen e sotme mas\u00ebn e siguris\u00eb detyrim paraqitje dhe ndalim t\u00eb daljes jasht\u00eb shtetit p\u00ebr ish-kryeministrin Sali Berisha.<\/p>\n","protected":false},"excerpt":{"rendered":"<p>Jamarb\u00ebr Malltezi \u00ebsht\u00eb ndaluar nga policia mbr\u00ebmjen e sotme n\u00eb aeroportin e Rinasit, nd\u00ebrsa i \u00ebsht\u00eb caktuar edhe masa \u201carrest me burg\u201d p\u00ebr privatizimin e kompeksit \u201cPartizani\u201d. Gjithashtu GJKKO ka caktuar mbr\u00ebmjen e sotme mas\u00ebn e siguris\u00eb detyrim paraqitje dhe ndalim t\u00eb daljes jasht\u00eb shtetit p\u00ebr ish-kryeministrin Sali Berisha.<\/p>\n","protected":false},"author":2,"featured_media":62645,"comment_status":"open","ping_status":"open","sticky":false,"template":"","format":"standard","meta":{"footnotes":""},"categories":[118],"tags":[],"class_list":{"0":"post-62644","1":"post","2":"type-post","3":"status-publish","4":"format-standard","5":"has-post-thumbnail","7":"category-kryesore"},"_links":{"self":[{"href":"https:\/\/neutrale.al\/index.php\/wp-json\/wp\/v2\/posts\/62644","targetHints":{"allow":["GET"]}}],"collection":[{"href":"https:\/\/neutrale.al\/index.php\/wp-json\/wp\/v2\/posts"}],"about":[{"href":"https:\/\/neutrale.al\/index.php\/wp-json\/wp\/v2\/types\/post"}],"author":[{"embeddable":true,"href":"https:\/\/neutrale.al\/index.php\/wp-json\/wp\/v2\/users\/2"}],"replies":[{"embeddable":true,"href":"https:\/\/neutrale.al\/index.php\/wp-json\/wp\/v2\/comments?post=62644"}],"version-history":[{"count":2,"href":"https:\/\/neutrale.al\/index.php\/wp-json\/wp\/v2\/posts\/62644\/revisions"}],"predecessor-version":[{"id":62647,"href":"https:\/\/neutrale.al\/index.php\/wp-json\/wp\/v2\/posts\/62644\/revisions\/62647"}],"wp:featuredmedia":[{"embeddable":true,"href":"https:\/\/neutrale.al\/index.php\/wp-json\/wp\/v2\/media\/62645"}],"wp:attachment":[{"href":"https:\/\/neutrale.al\/index.php\/wp-json\/wp\/v2\/media?parent=62644"}],"wp:term":[{"taxonomy":"category","embeddable":true,"href":"https:\/\/neutrale.al\/index.php\/wp-json\/wp\/v2\/categories?post=62644"},{"taxonomy":"post_tag","embeddable":true,"href":"https:\/\/neutrale.al\/index.php\/wp-json\/wp\/v2\/tags?post=62644"}],"curies":[{"name":"wp","href":"https:\/\/api.w.org\/{rel}","templated":true}]}}