{"id":62586,"date":"2023-10-20T18:17:39","date_gmt":"2023-10-20T18:17:39","guid":{"rendered":"https:\/\/neutrale.al\/?p=62586"},"modified":"2023-10-20T18:17:39","modified_gmt":"2023-10-20T18:17:39","slug":"nga-gazetadicalabria-it-presidenti-i-republikes-se-shqiperise-bajram-begaj-ne-nje-vizite-institucionale-ne-kalabri","status":"publish","type":"post","link":"https:\/\/neutrale.al\/index.php\/2023\/10\/20\/nga-gazetadicalabria-it-presidenti-i-republikes-se-shqiperise-bajram-begaj-ne-nje-vizite-institucionale-ne-kalabri\/","title":{"rendered":"Nga gazetadicalabria.it\/ Presidenti i Republik\u00ebs s\u00eb Shqip\u00ebris\u00eb Bajram Begaj, n\u00eb nj\u00eb vizit\u00eb institucionale n\u00eb Kalabri&#8230;"},"content":{"rendered":"<p>Presidenti i Republik\u00ebs s\u00eb Shqip\u00ebris\u00eb Bajram Begaj, n\u00eb nj\u00eb vizit\u00eb institucionale n\u00eb Kalabri, takoi Presidentin e Rajonit t\u00eb Kalabris\u00eb Roberto Occhiuto. Kreu i shtetit shqiptar gjat\u00eb q\u00ebndrimit t\u00eb tij n\u00eb rajonin me numrin m\u00eb t\u00eb madh t\u00eb komuniteteve me origjin\u00eb arb\u00ebreshe n\u00eb Itali, do t\u00eb ndalet n\u00eb bashki t\u00eb ndryshme ku ende vazhdojn\u00eb referencat p\u00ebr diaspor\u00ebn shqiptare. P\u00ebrve\u00e7 presidentit Occhiuto, Begaj \u00ebsht\u00eb pritur edhe nga disa kryetar\u00eb komunash t\u00eb shoq\u00ebruar nga gra me veshje tradicionale. \u201cFal\u00ebnderoj presidentin e Rajonit t\u00eb Kalabris\u00eb, Roberto Occhiuto \u2013 tha Begaj \u2013 p\u00ebr mir\u00ebseardhjen dhe dashurin\u00eb q\u00eb kemi marr\u00eb. Shqip\u00ebria shikon Italin\u00eb mike si nj\u00eb port\u00eb p\u00ebr n\u00eb komunitetin europian. Tashm\u00eb kemi nj\u00eb bashk\u00ebpunim t\u00eb shk\u00eblqyer politik mes dy vendeve dhe \u2013 shtoi Bajram Begai \u2013 dhe Italia \u00ebsht\u00eb partneri i par\u00eb tregtar i Shqip\u00ebris\u00eb. Por s\u00eb bashku me presidentin menduam se Kalabria duhet t\u00eb jet\u00eb partneri yn\u00eb i par\u00eb dhe p\u00ebr k\u00ebt\u00eb arsye do t\u00eb shqyrtojm\u00eb s\u00eb bashku mund\u00ebsit\u00eb dhe mund\u00ebsit\u00eb p\u00ebr shk\u00ebmbime t\u00eb nd\u00ebrsjella si\u00e7 ka ndodhur tashm\u00eb me lidhjen direkte ajrore Lamezia Terme-Tiran\u00eb. Hapat e par\u00eb tashm\u00eb jan\u00eb hedhur dhe shpresohet q\u00eb t\u00eb tjera t\u00eb pasojn\u00eb, p\u00ebr shembull edhe n\u00eb fush\u00ebn universitare\u201d. \u201cSot \u2013 vazhdoi presidenti shqiptar \u2013 \u00ebsht\u00eb nj\u00eb vizit\u00eb shum\u00eb e r\u00ebnd\u00ebsishme dhe fal\u00ebnderoj gjithashtu ata q\u00eb p\u00ebr gati gjasht\u00eb shekuj, me komunitetet e tyre, kan\u00eb b\u00ebr\u00eb t\u00eb mundur rilindjen shqiptare dhe kan\u00eb pasur mund\u00ebsin\u00eb t\u00eb nd\u00ebrtojn\u00eb jet\u00ebn e tyre t\u00eb re k\u00ebtu n\u00eb nj\u00eb atdhe t\u00eb ri. ne Itali. T\u00eb gjith\u00eb ata q\u00eb kan\u00eb arritur t\u00eb mbajn\u00eb gjall\u00eb n\u00eb zemrat e tyre dhe t\u00eb ruajn\u00eb elemente dalluese si gjuha, zakonet dhe kultura e atdheut t\u00eb tyre. Lidhja jon\u00eb me ta, t\u00eb cil\u00ebt p\u00ebrfaq\u00ebsojn\u00eb nj\u00eb model p\u00ebr ne, \u00ebsht\u00eb pra shum\u00eb e thell\u00eb dhe duhet t\u00eb vazhdoj\u00eb t\u00eb forcohet gjithnj\u00eb e m\u00eb shum\u00eb\u201d.<\/p>\n","protected":false},"excerpt":{"rendered":"<p>Presidenti i Republik\u00ebs s\u00eb Shqip\u00ebris\u00eb Bajram Begaj, n\u00eb nj\u00eb vizit\u00eb institucionale n\u00eb Kalabri, takoi Presidentin e Rajonit t\u00eb Kalabris\u00eb Roberto Occhiuto. Kreu i shtetit shqiptar gjat\u00eb q\u00ebndrimit t\u00eb tij n\u00eb rajonin me numrin m\u00eb t\u00eb madh t\u00eb komuniteteve me origjin\u00eb arb\u00ebreshe n\u00eb Itali, do t\u00eb ndalet n\u00eb bashki t\u00eb ndryshme ku ende vazhdojn\u00eb referencat p\u00ebr [&hellip;]<\/p>\n","protected":false},"author":2,"featured_media":62587,"comment_status":"open","ping_status":"open","sticky":false,"template":"","format":"standard","meta":{"footnotes":""},"categories":[118],"tags":[],"class_list":{"0":"post-62586","1":"post","2":"type-post","3":"status-publish","4":"format-standard","5":"has-post-thumbnail","7":"category-kryesore"},"_links":{"self":[{"href":"https:\/\/neutrale.al\/index.php\/wp-json\/wp\/v2\/posts\/62586","targetHints":{"allow":["GET"]}}],"collection":[{"href":"https:\/\/neutrale.al\/index.php\/wp-json\/wp\/v2\/posts"}],"about":[{"href":"https:\/\/neutrale.al\/index.php\/wp-json\/wp\/v2\/types\/post"}],"author":[{"embeddable":true,"href":"https:\/\/neutrale.al\/index.php\/wp-json\/wp\/v2\/users\/2"}],"replies":[{"embeddable":true,"href":"https:\/\/neutrale.al\/index.php\/wp-json\/wp\/v2\/comments?post=62586"}],"version-history":[{"count":2,"href":"https:\/\/neutrale.al\/index.php\/wp-json\/wp\/v2\/posts\/62586\/revisions"}],"predecessor-version":[{"id":62589,"href":"https:\/\/neutrale.al\/index.php\/wp-json\/wp\/v2\/posts\/62586\/revisions\/62589"}],"wp:featuredmedia":[{"embeddable":true,"href":"https:\/\/neutrale.al\/index.php\/wp-json\/wp\/v2\/media\/62587"}],"wp:attachment":[{"href":"https:\/\/neutrale.al\/index.php\/wp-json\/wp\/v2\/media?parent=62586"}],"wp:term":[{"taxonomy":"category","embeddable":true,"href":"https:\/\/neutrale.al\/index.php\/wp-json\/wp\/v2\/categories?post=62586"},{"taxonomy":"post_tag","embeddable":true,"href":"https:\/\/neutrale.al\/index.php\/wp-json\/wp\/v2\/tags?post=62586"}],"curies":[{"name":"wp","href":"https:\/\/api.w.org\/{rel}","templated":true}]}}