{"id":62486,"date":"2023-10-19T16:47:32","date_gmt":"2023-10-19T16:47:32","guid":{"rendered":"https:\/\/neutrale.al\/?p=62486"},"modified":"2023-10-19T16:47:32","modified_gmt":"2023-10-19T16:47:32","slug":"kryebashkiaku-i-rrogozhines-merret-nen-hetim-nga-spak-del-ne-nje-audio-pergjim-duke-blere-vota","status":"publish","type":"post","link":"https:\/\/neutrale.al\/index.php\/2023\/10\/19\/kryebashkiaku-i-rrogozhines-merret-nen-hetim-nga-spak-del-ne-nje-audio-pergjim-duke-blere-vota\/","title":{"rendered":"Kryebashkiaku i Rrogozhin\u00ebs merret n\u00ebn hetim nga SPAK, del n\u00eb nj\u00eb audio-p\u00ebrgjim duke bler\u00eb vota"},"content":{"rendered":"<p>Kryebashkiaku i Rrogozhin\u00ebs, Edison Memolla \u00ebsht\u00eb marr\u00eb i pandehur nga SPAK n\u00ebn akuz\u00eb p\u00ebr korrupsion n\u00eb zgjedhjet e pjesshme t\u00eb 6 marsit 2022.<\/p>\n<p>Memolla \u00ebsht\u00eb shfaqur mesdit\u00ebn e sotme n\u00ebn shoq\u00ebrin\u00eb e avokatit t\u00eb tij n\u00eb Prokurorin\u00eb e Posa\u00e7me, ku m\u00ebsohet se i \u00ebsht\u00eb komunikuar akuza. <\/p>\n<p>Hetimi p\u00ebr t\u00eb ka nisur muaj me par\u00eb pas denoncimeve se Memolla paguante faturat e energjis\u00eb elektrike t\u00eb qytetar\u00ebve t\u00eb Rrogozhin\u00ebs n\u00eb k\u00ebmbim t\u00eb votave.<\/p>\n<p>N\u00eb media, \u00ebsht\u00eb publikuar nj\u00eb audio-p\u00ebrgjim q\u00eb implikon Memoll\u00ebn. Regjistrimi i bised\u00ebs telefonike raportohet se \u00ebsht\u00eb b\u00ebr\u00eb n\u00eb prag t\u00eb zgjedhjeve t\u00eb pjesshme t\u00eb 6 marsit 2022. Memolla \u00ebsht\u00eb kapur n\u00eb nj\u00eb audio-p\u00ebrgjim, duke nd\u00ebrhyr\u00eb tek OSHEE p\u00ebr t\u00eb mos i nd\u00ebrprer\u00eb energjin\u00eb elektrike nj\u00eb familjeje t\u00eb varf\u00ebr.<\/p>\n<p>N\u00eb nj\u00eb bised\u00eb telefonike me nj\u00eb grua, Memolla konfirmon se ishte takuar m\u00eb her\u00ebt me telefonuesen, t\u00eb cil\u00ebs i kishte garantuar mos-nd\u00ebrprerjen e energjis\u00eb, n\u00eb k\u00ebmbim t\u00eb vot\u00ebs p\u00ebr zgjedhjet e 6 marsit. E m\u00eb pas n\u00eb telefon del elektricisti q\u00eb kishte shkuar p\u00ebr nd\u00ebrprerjen e energjis\u00eb, t\u00eb cilit Memolla i k\u00ebrkon q\u00eb t\u00eb mos ia nd\u00ebrpres\u00eb energjin\u00eb.<\/p>\n<p>Memolla e orienton elektricistin q\u00eb pasi t\u00eb kalojn\u00eb zgjedhjet mund t\u00eb vepronin. N\u00eb nj\u00eb moment, mendohet se kryebashkiaku i referohet kryeministrit Edi Rama teksa i thot\u00eb elektricistit t\u00eb OSHEE-s\u00eb:\u00a0\u201cT\u00eb flas me Edin un\u00eb, t\u00eb flasi me ato t\u00eb m\u00ebdhenjt\u00eb q\u00eb t\u00eb mos ju bezdisin\u201d.<\/p>\n<p>T\u00eb gjitha k\u00ebto prova t\u00eb hetuara nga SPAK kan\u00eb renduar pozit\u00ebn e kryebashkiakut te cilit i \u00ebsht\u00eb komunikuar k\u00ebt\u00eb te enjte edhe akuzua e korrupsionit n\u00eb zgjedhje.<\/p>\n<p>N\u00eb prill t\u00eb k\u00ebtij viti, ai \u00ebsht\u00eb paraqitur n\u00eb SPAK mbi dyshimet se ka b\u00ebr\u00eb pun\u00ebsime fiktive n\u00eb bashki.<\/p>\n","protected":false},"excerpt":{"rendered":"<p>Kryebashkiaku i Rrogozhin\u00ebs, Edison Memolla \u00ebsht\u00eb marr\u00eb i pandehur nga SPAK n\u00ebn akuz\u00eb p\u00ebr korrupsion n\u00eb zgjedhjet e pjesshme t\u00eb 6 marsit 2022. Memolla \u00ebsht\u00eb shfaqur mesdit\u00ebn e sotme n\u00ebn shoq\u00ebrin\u00eb e avokatit t\u00eb tij n\u00eb Prokurorin\u00eb e Posa\u00e7me, ku m\u00ebsohet se i \u00ebsht\u00eb komunikuar akuza. Hetimi p\u00ebr t\u00eb ka nisur muaj me par\u00eb pas [&hellip;]<\/p>\n","protected":false},"author":2,"featured_media":62487,"comment_status":"open","ping_status":"open","sticky":false,"template":"","format":"standard","meta":{"footnotes":""},"categories":[118,9],"tags":[],"class_list":{"0":"post-62486","1":"post","2":"type-post","3":"status-publish","4":"format-standard","5":"has-post-thumbnail","7":"category-kryesore","8":"category-politika"},"_links":{"self":[{"href":"https:\/\/neutrale.al\/index.php\/wp-json\/wp\/v2\/posts\/62486","targetHints":{"allow":["GET"]}}],"collection":[{"href":"https:\/\/neutrale.al\/index.php\/wp-json\/wp\/v2\/posts"}],"about":[{"href":"https:\/\/neutrale.al\/index.php\/wp-json\/wp\/v2\/types\/post"}],"author":[{"embeddable":true,"href":"https:\/\/neutrale.al\/index.php\/wp-json\/wp\/v2\/users\/2"}],"replies":[{"embeddable":true,"href":"https:\/\/neutrale.al\/index.php\/wp-json\/wp\/v2\/comments?post=62486"}],"version-history":[{"count":1,"href":"https:\/\/neutrale.al\/index.php\/wp-json\/wp\/v2\/posts\/62486\/revisions"}],"predecessor-version":[{"id":62488,"href":"https:\/\/neutrale.al\/index.php\/wp-json\/wp\/v2\/posts\/62486\/revisions\/62488"}],"wp:featuredmedia":[{"embeddable":true,"href":"https:\/\/neutrale.al\/index.php\/wp-json\/wp\/v2\/media\/62487"}],"wp:attachment":[{"href":"https:\/\/neutrale.al\/index.php\/wp-json\/wp\/v2\/media?parent=62486"}],"wp:term":[{"taxonomy":"category","embeddable":true,"href":"https:\/\/neutrale.al\/index.php\/wp-json\/wp\/v2\/categories?post=62486"},{"taxonomy":"post_tag","embeddable":true,"href":"https:\/\/neutrale.al\/index.php\/wp-json\/wp\/v2\/tags?post=62486"}],"curies":[{"name":"wp","href":"https:\/\/api.w.org\/{rel}","templated":true}]}}