{"id":6212,"date":"2022-06-20T12:28:55","date_gmt":"2022-06-20T12:28:55","guid":{"rendered":"https:\/\/neutrale.al\/?p=6212"},"modified":"2022-06-20T12:28:55","modified_gmt":"2022-06-20T12:28:55","slug":"sali-berisha-taulant-balla-eshte-pergjegjes-kryesor-per-vrasjen-e-xhuvanit-ne-zgjedhjet-e-prillit-2021","status":"publish","type":"post","link":"https:\/\/neutrale.al\/index.php\/2022\/06\/20\/sali-berisha-taulant-balla-eshte-pergjegjes-kryesor-per-vrasjen-e-xhuvanit-ne-zgjedhjet-e-prillit-2021\/","title":{"rendered":"Sali Berisha: Taulant Balla \u00ebsht\u00eb p\u00ebrgjegj\u00ebs kryesor p\u00ebr vrasjen e Xhuvanit n\u00eb zgjedhjet e prillit 2021."},"content":{"rendered":"<p>&#8220;Bardhi \u00ebsht\u00eb thirrur n\u00eb Prokurori p\u00ebr vrasjen e Xhuvanit ?\u201d,\u00a0 Sali Berisha drejton gishtin tek deputeti i PS-s\u00eb: !<br \/>\nAi \u00ebsht\u00eb p\u00ebrgjegj\u00ebs kryesor&#8230; <\/p>\n<p>Gjat\u00eb\u00a0 konferenc\u00ebs s\u00eb sotme p\u00ebr gazetar\u00ebt, kreu i PD Sali Berisha \u00ebsht\u00eb pyetur lidhur me nj\u00eb lajm, se Gazmend Bardhi \u00ebsht\u00eb thirrur n\u00eb Prokurori, n\u00eb vazhd\u00ebn e hetimeve p\u00ebr vrasjen e Pjerin Xhuvanit n\u00eb Elbasan. <\/p>\n<p>Berisha u shpreh: S\u00eb bashku me Bardhin, duhet t\u00eb thirret edhe Taulant Balla, ai \u00ebsht\u00eb p\u00ebrgjegj\u00ebs kryesor p\u00ebr at\u00eb ngjarje t\u00eb r\u00ebnd\u00eb<\/p>\n","protected":false},"excerpt":{"rendered":"<p>&#8220;Bardhi \u00ebsht\u00eb thirrur n\u00eb Prokurori p\u00ebr vrasjen e Xhuvanit ?\u201d,\u00a0 Sali Berisha drejton gishtin tek deputeti i PS-s\u00eb: ! Ai \u00ebsht\u00eb p\u00ebrgjegj\u00ebs kryesor&#8230; Gjat\u00eb\u00a0 konferenc\u00ebs s\u00eb sotme p\u00ebr gazetar\u00ebt, kreu i PD Sali Berisha \u00ebsht\u00eb pyetur lidhur me nj\u00eb lajm, se Gazmend Bardhi \u00ebsht\u00eb thirrur n\u00eb Prokurori, n\u00eb vazhd\u00ebn e hetimeve p\u00ebr vrasjen e Pjerin [&hellip;]<\/p>\n","protected":false},"author":2,"featured_media":6213,"comment_status":"open","ping_status":"open","sticky":false,"template":"","format":"standard","meta":{"footnotes":""},"categories":[118,9],"tags":[27],"class_list":{"0":"post-6212","1":"post","2":"type-post","3":"status-publish","4":"format-standard","5":"has-post-thumbnail","7":"category-kryesore","8":"category-politika","9":"tag-lajme"},"_links":{"self":[{"href":"https:\/\/neutrale.al\/index.php\/wp-json\/wp\/v2\/posts\/6212","targetHints":{"allow":["GET"]}}],"collection":[{"href":"https:\/\/neutrale.al\/index.php\/wp-json\/wp\/v2\/posts"}],"about":[{"href":"https:\/\/neutrale.al\/index.php\/wp-json\/wp\/v2\/types\/post"}],"author":[{"embeddable":true,"href":"https:\/\/neutrale.al\/index.php\/wp-json\/wp\/v2\/users\/2"}],"replies":[{"embeddable":true,"href":"https:\/\/neutrale.al\/index.php\/wp-json\/wp\/v2\/comments?post=6212"}],"version-history":[{"count":1,"href":"https:\/\/neutrale.al\/index.php\/wp-json\/wp\/v2\/posts\/6212\/revisions"}],"predecessor-version":[{"id":6214,"href":"https:\/\/neutrale.al\/index.php\/wp-json\/wp\/v2\/posts\/6212\/revisions\/6214"}],"wp:featuredmedia":[{"embeddable":true,"href":"https:\/\/neutrale.al\/index.php\/wp-json\/wp\/v2\/media\/6213"}],"wp:attachment":[{"href":"https:\/\/neutrale.al\/index.php\/wp-json\/wp\/v2\/media?parent=6212"}],"wp:term":[{"taxonomy":"category","embeddable":true,"href":"https:\/\/neutrale.al\/index.php\/wp-json\/wp\/v2\/categories?post=6212"},{"taxonomy":"post_tag","embeddable":true,"href":"https:\/\/neutrale.al\/index.php\/wp-json\/wp\/v2\/tags?post=6212"}],"curies":[{"name":"wp","href":"https:\/\/api.w.org\/{rel}","templated":true}]}}