{"id":6195,"date":"2022-06-20T11:18:14","date_gmt":"2022-06-20T11:18:14","guid":{"rendered":"https:\/\/neutrale.al\/?p=6195"},"modified":"2022-06-20T11:18:14","modified_gmt":"2022-06-20T11:18:14","slug":"rama-nga-prishtina-nese-edhe-albinikurti-bie-dakord-ne-fund-te-cdo-viti-nje-reviste-te-perbashket-per-arritjet","status":"publish","type":"post","link":"https:\/\/neutrale.al\/index.php\/2022\/06\/20\/rama-nga-prishtina-nese-edhe-albinikurti-bie-dakord-ne-fund-te-cdo-viti-nje-reviste-te-perbashket-per-arritjet\/","title":{"rendered":"Rama nga Prishtina: N\u00ebse edhe Albini(Kurti) bie dakord, n\u00eb fund t\u00eb \u00e7do viti, nj\u00eb revist\u00eb t\u00eb p\u00ebrbashk\u00ebt p\u00ebr arritjet."},"content":{"rendered":"<p>Kryeministri Edi Rama ka propozuar n\u00eb mbledhjen e p\u00ebrbashk\u00ebt t\u00eb dy qeverive q\u00eb n\u00eb fund t\u00eb \u00e7do viti t\u00eb ken\u00eb nj\u00eb revist\u00eb t\u00eb p\u00ebrbashk\u00ebt, ku t\u00eb b\u00ebhen publike t\u00eb gjitha marr\u00ebveshjet e arritura mes Kosov\u00ebs dhe Shqip\u00ebris\u00eb. <\/p>\n<p>N\u00eb mbyllje t\u00eb fjal\u00ebs, Kryeministri Rama u shpreh, n\u00ebse kjo do t\u00eb marr\u00eb edhe aprovimin e Albin Kurtit do t\u00eb jet\u00eb nj\u00eb form\u00eb e fletores zyrtare, ku do t\u00eb ndahen me publikun faktet e bashk\u00ebpunimit. <\/p>\n<p>\u201cUn\u00eb do t\u00eb doja ti kthehesha atij propozimit p\u00ebr Kuvendin e p\u00ebrbashk\u00ebt me sugjerimin q\u00eb t\u00eb dy zv\/kryeministrat t\u00eb angazhojn\u00eb dy qeverit\u00eb p\u00ebr t\u00eb nxjerr\u00eb n\u00eb fund t\u00eb vitit nj\u00eb revist\u00eb bashk\u00ebqeveritare, ku t\u00eb gjitha marr\u00ebveshjet t\u00eb jen\u00eb t\u00eb p\u00ebrshkuara edhe pse jo me k\u00ebndv\u00ebshtrimin kritik p\u00ebr \u00e7far\u00eb do t\u00eb duhet t\u00eb shikojm\u00eb m\u00eb tutje. N\u00eb <\/p>\n<p>m\u00ebnyr\u00eb q\u00eb ata q\u00eb duan t\u00eb marrin informacion t\u00eb detajuar, ta ken\u00eb nj\u00eb pik\u00eb referimi. K\u00ebshtu krijojm\u00eb edhe nj\u00eb revist\u00eb t\u00eb p\u00ebrbashk\u00ebt me gjith\u00eb ecurin\u00eb e bashk\u00ebpunimit. K\u00ebshtu q\u00eb n\u00eb k\u00ebt\u00eb m\u00ebnyr\u00eb kemi pik\u00eb referimi edhe si fletore zyrtare e dy qeverive. K\u00ebt\u00eb n\u00eb drejtimin e dy zv\/kryeministrave, n\u00ebse Albini i e aprovon. Ta ndajm\u00eb me publikun e gjer\u00eb se cilat jan\u00eb faktet e bashk\u00ebpunimit\u201d, tha Rama.<\/p>\n","protected":false},"excerpt":{"rendered":"<p>Kryeministri Edi Rama ka propozuar n\u00eb mbledhjen e p\u00ebrbashk\u00ebt t\u00eb dy qeverive q\u00eb n\u00eb fund t\u00eb \u00e7do viti t\u00eb ken\u00eb nj\u00eb revist\u00eb t\u00eb p\u00ebrbashk\u00ebt, ku t\u00eb b\u00ebhen publike t\u00eb gjitha marr\u00ebveshjet e arritura mes Kosov\u00ebs dhe Shqip\u00ebris\u00eb. N\u00eb mbyllje t\u00eb fjal\u00ebs, Kryeministri Rama u shpreh, n\u00ebse kjo do t\u00eb marr\u00eb edhe aprovimin e Albin Kurtit [&hellip;]<\/p>\n","protected":false},"author":2,"featured_media":6196,"comment_status":"open","ping_status":"open","sticky":false,"template":"","format":"standard","meta":{"footnotes":""},"categories":[118,9],"tags":[27],"class_list":{"0":"post-6195","1":"post","2":"type-post","3":"status-publish","4":"format-standard","5":"has-post-thumbnail","7":"category-kryesore","8":"category-politika","9":"tag-lajme"},"_links":{"self":[{"href":"https:\/\/neutrale.al\/index.php\/wp-json\/wp\/v2\/posts\/6195","targetHints":{"allow":["GET"]}}],"collection":[{"href":"https:\/\/neutrale.al\/index.php\/wp-json\/wp\/v2\/posts"}],"about":[{"href":"https:\/\/neutrale.al\/index.php\/wp-json\/wp\/v2\/types\/post"}],"author":[{"embeddable":true,"href":"https:\/\/neutrale.al\/index.php\/wp-json\/wp\/v2\/users\/2"}],"replies":[{"embeddable":true,"href":"https:\/\/neutrale.al\/index.php\/wp-json\/wp\/v2\/comments?post=6195"}],"version-history":[{"count":1,"href":"https:\/\/neutrale.al\/index.php\/wp-json\/wp\/v2\/posts\/6195\/revisions"}],"predecessor-version":[{"id":6197,"href":"https:\/\/neutrale.al\/index.php\/wp-json\/wp\/v2\/posts\/6195\/revisions\/6197"}],"wp:featuredmedia":[{"embeddable":true,"href":"https:\/\/neutrale.al\/index.php\/wp-json\/wp\/v2\/media\/6196"}],"wp:attachment":[{"href":"https:\/\/neutrale.al\/index.php\/wp-json\/wp\/v2\/media?parent=6195"}],"wp:term":[{"taxonomy":"category","embeddable":true,"href":"https:\/\/neutrale.al\/index.php\/wp-json\/wp\/v2\/categories?post=6195"},{"taxonomy":"post_tag","embeddable":true,"href":"https:\/\/neutrale.al\/index.php\/wp-json\/wp\/v2\/tags?post=6195"}],"curies":[{"name":"wp","href":"https:\/\/api.w.org\/{rel}","templated":true}]}}