{"id":6162,"date":"2022-06-20T08:47:36","date_gmt":"2022-06-20T08:47:36","guid":{"rendered":"https:\/\/neutrale.al\/?p=6162"},"modified":"2022-06-20T08:47:36","modified_gmt":"2022-06-20T08:47:36","slug":"sali-berisha-rama-ne-kosove-si-misionar-i-beogradit","status":"publish","type":"post","link":"https:\/\/neutrale.al\/index.php\/2022\/06\/20\/sali-berisha-rama-ne-kosove-si-misionar-i-beogradit\/","title":{"rendered":"Sali Berisha\/Rama n\u00eb Kosov\u00eb si misionar i Beogradit!"},"content":{"rendered":"<p>K\u00ebshtu e p\u00ebrmbledh q\u00ebllimin e mbledhjes s\u00eb p\u00ebrbashk\u00ebt, t\u00eb qeverive t\u00eb Prishtin\u00ebs e Tiran\u00ebs, ish kryeministri Berisha.<br \/>\nKjo \u00ebsht\u00eb nj\u00eb kund\u00ebrv\u00ebnie e hapur ndaj Procesit t\u00eb Berlinit me q\u00ebllim avancimin e Ballkanit serbo -rus.<br \/>\nEdi Ram\u00ebs i \u00ebsht\u00eb ngarkuar detyra q\u00eb t\u00eb rr\u00ebzoi qeverin\u00eb Kurti- vazhdon Berisha. <\/p>\n<p>Ja postimi i plot\u00eb: <\/p>\n<p>Rama n\u00eb Kosov\u00eb si misionar i Beogradit!<br \/>\nTe dashur miq, pas Samitit antishqiptar dhe antieuropian te Ohrit, ku presidenti i sebomadhise, Aleksander Vu\u00e7i\u00e7, me urdher te Putinit mblodhi vasalet e tij te Tiranes dhe Shkupit per avancimin e Ballkanit serbo-rus ne kundervenie te hapur te Procesit te Berlinit, duket se Edi Rama ka marre detyra te reja nga Beogradi. <\/p>\n<p>Konkretisht, duket se Edi Rames i eshte ngarkuar detyra ne nje akt te ri antishqiptar, te punoje ngushte me albanofobe e serbofile ne Kosove per rrezimin e qeverise Kurti, qeveri e cila me qendrimet konsekuente kunder projektit ruso-serb te Ballkanit te Hapur, mbrojti dhe po mbron me konsekuence interesat e kombit shqiptar, por edhe te Bashkimit Europian dhe NATO-s ne rajon. <\/p>\n<p>Me kete rast, duke denuar me ashpersine me te madhe misionin e ri antishqiptar te Edi Rames te ngarkuar nga Beograd, paraljameroje vasalin e mjere te serbomadhit Vu\u00e7i\u00e7, te heqi dore nga skenaret e Beogradit kunder qeverise se Kosoves pasi ne te kundert do marri ndeshkimin e merituar nga mbare kombi shqiptar. sb <\/p>\n<p>Ketu me poshte keni nje vezhgim te gazetarit per kete mision. <\/p>\n<p>https:\/\/www.nacionale.com\/politik%C3%AB\/Edi-Rama-ne-Oher-Do-ta-rrezoj-Albin-Kurtin-deri-ne-shtator-9031<\/p>\n","protected":false},"excerpt":{"rendered":"<p>K\u00ebshtu e p\u00ebrmbledh q\u00ebllimin e mbledhjes s\u00eb p\u00ebrbashk\u00ebt, t\u00eb qeverive t\u00eb Prishtin\u00ebs e Tiran\u00ebs, ish kryeministri Berisha. Kjo \u00ebsht\u00eb nj\u00eb kund\u00ebrv\u00ebnie e hapur ndaj Procesit t\u00eb Berlinit me q\u00ebllim avancimin e Ballkanit serbo -rus. Edi Ram\u00ebs i \u00ebsht\u00eb ngarkuar detyra q\u00eb t\u00eb rr\u00ebzoi qeverin\u00eb Kurti- vazhdon Berisha. Ja postimi i plot\u00eb: Rama n\u00eb Kosov\u00eb si [&hellip;]<\/p>\n","protected":false},"author":2,"featured_media":6163,"comment_status":"open","ping_status":"open","sticky":false,"template":"","format":"standard","meta":{"footnotes":""},"categories":[118,9],"tags":[27],"class_list":{"0":"post-6162","1":"post","2":"type-post","3":"status-publish","4":"format-standard","5":"has-post-thumbnail","7":"category-kryesore","8":"category-politika","9":"tag-lajme"},"_links":{"self":[{"href":"https:\/\/neutrale.al\/index.php\/wp-json\/wp\/v2\/posts\/6162","targetHints":{"allow":["GET"]}}],"collection":[{"href":"https:\/\/neutrale.al\/index.php\/wp-json\/wp\/v2\/posts"}],"about":[{"href":"https:\/\/neutrale.al\/index.php\/wp-json\/wp\/v2\/types\/post"}],"author":[{"embeddable":true,"href":"https:\/\/neutrale.al\/index.php\/wp-json\/wp\/v2\/users\/2"}],"replies":[{"embeddable":true,"href":"https:\/\/neutrale.al\/index.php\/wp-json\/wp\/v2\/comments?post=6162"}],"version-history":[{"count":1,"href":"https:\/\/neutrale.al\/index.php\/wp-json\/wp\/v2\/posts\/6162\/revisions"}],"predecessor-version":[{"id":6164,"href":"https:\/\/neutrale.al\/index.php\/wp-json\/wp\/v2\/posts\/6162\/revisions\/6164"}],"wp:featuredmedia":[{"embeddable":true,"href":"https:\/\/neutrale.al\/index.php\/wp-json\/wp\/v2\/media\/6163"}],"wp:attachment":[{"href":"https:\/\/neutrale.al\/index.php\/wp-json\/wp\/v2\/media?parent=6162"}],"wp:term":[{"taxonomy":"category","embeddable":true,"href":"https:\/\/neutrale.al\/index.php\/wp-json\/wp\/v2\/categories?post=6162"},{"taxonomy":"post_tag","embeddable":true,"href":"https:\/\/neutrale.al\/index.php\/wp-json\/wp\/v2\/tags?post=6162"}],"curies":[{"name":"wp","href":"https:\/\/api.w.org\/{rel}","templated":true}]}}