{"id":6092,"date":"2022-06-19T09:59:57","date_gmt":"2022-06-19T09:59:57","guid":{"rendered":"https:\/\/neutrale.al\/?p=6092"},"modified":"2022-06-19T09:59:57","modified_gmt":"2022-06-19T09:59:57","slug":"tirane-djemte-humbin-baballaret-kerkojne-ndihmen-e-policise","status":"publish","type":"post","link":"https:\/\/neutrale.al\/index.php\/2022\/06\/19\/tirane-djemte-humbin-baballaret-kerkojne-ndihmen-e-policise\/","title":{"rendered":"Tiran\u00eb\/ Djemt\u00eb humbin, baballar\u00ebt k\u00ebrkojn\u00eb ndihm\u00ebn e policis\u00eb."},"content":{"rendered":"<p>Dy persona kan\u00eb humbur kontaktet me familjar\u00ebt n\u00eb Tiran\u00eb.<br \/>\nPolicia ka njoftuar se nj\u00eb 70-vje\u00e7ar ka denoncuar humbjen e djalit t\u00eb tij 39-vje\u00e7 i cili vuan nga probleme t\u00eb sh\u00ebndetit mendor.<br \/>\nGjithashtu, nj\u00eb tjet\u00ebr prind ka denoncuar humbjen e kontakteve me birin e tij,\u00a0 21 vje\u00e7. <\/p>\n<p>Materialet hetimore n\u00eb lidhje me k\u00ebto \u00e7\u00ebshtje i kaluan Prokuroris\u00eb, p\u00ebr veprime t\u00eb m\u00ebtejshme proceduriale. <\/p>\n<p>Njoftimi i policis\u00eb <\/p>\n<p>M\u00eb dat\u00eb 18.06.2022, shtetasi L. B., 70 vje\u00e7, ka kall\u00ebzuar se \u00ebsht\u00eb larguar nga banesa dhe nuk \u00ebsht\u00eb kthyer m\u00eb, djali i tij, shtetasi V. B., 39 vje\u00e7, i cili vuan nga probleme t\u00eb sh\u00ebndetit mendor. Punohet p\u00ebr gjetjen e tij. <\/p>\n<p>Gjithashtu, shtetasi F. M., 59 vje\u00e7, ka kall\u00ebzuar se \u00ebsht\u00eb larguar nga banesa dhe nuk \u00ebsht\u00eb kthyer m\u00eb, djali i tij, shtetasi\u00a0F. M., 21 vje\u00e7. Punohet p\u00ebr gjetjen e tij.<\/p>\n","protected":false},"excerpt":{"rendered":"<p>Dy persona kan\u00eb humbur kontaktet me familjar\u00ebt n\u00eb Tiran\u00eb. Policia ka njoftuar se nj\u00eb 70-vje\u00e7ar ka denoncuar humbjen e djalit t\u00eb tij 39-vje\u00e7 i cili vuan nga probleme t\u00eb sh\u00ebndetit mendor. Gjithashtu, nj\u00eb tjet\u00ebr prind ka denoncuar humbjen e kontakteve me birin e tij,\u00a0 21 vje\u00e7. Materialet hetimore n\u00eb lidhje me k\u00ebto \u00e7\u00ebshtje i kaluan [&hellip;]<\/p>\n","protected":false},"author":2,"featured_media":6093,"comment_status":"open","ping_status":"open","sticky":false,"template":"","format":"standard","meta":{"footnotes":""},"categories":[117,118],"tags":[27],"class_list":{"0":"post-6092","1":"post","2":"type-post","3":"status-publish","4":"format-standard","5":"has-post-thumbnail","7":"category-aktualitet","8":"category-kryesore","9":"tag-lajme"},"_links":{"self":[{"href":"https:\/\/neutrale.al\/index.php\/wp-json\/wp\/v2\/posts\/6092","targetHints":{"allow":["GET"]}}],"collection":[{"href":"https:\/\/neutrale.al\/index.php\/wp-json\/wp\/v2\/posts"}],"about":[{"href":"https:\/\/neutrale.al\/index.php\/wp-json\/wp\/v2\/types\/post"}],"author":[{"embeddable":true,"href":"https:\/\/neutrale.al\/index.php\/wp-json\/wp\/v2\/users\/2"}],"replies":[{"embeddable":true,"href":"https:\/\/neutrale.al\/index.php\/wp-json\/wp\/v2\/comments?post=6092"}],"version-history":[{"count":1,"href":"https:\/\/neutrale.al\/index.php\/wp-json\/wp\/v2\/posts\/6092\/revisions"}],"predecessor-version":[{"id":6094,"href":"https:\/\/neutrale.al\/index.php\/wp-json\/wp\/v2\/posts\/6092\/revisions\/6094"}],"wp:featuredmedia":[{"embeddable":true,"href":"https:\/\/neutrale.al\/index.php\/wp-json\/wp\/v2\/media\/6093"}],"wp:attachment":[{"href":"https:\/\/neutrale.al\/index.php\/wp-json\/wp\/v2\/media?parent=6092"}],"wp:term":[{"taxonomy":"category","embeddable":true,"href":"https:\/\/neutrale.al\/index.php\/wp-json\/wp\/v2\/categories?post=6092"},{"taxonomy":"post_tag","embeddable":true,"href":"https:\/\/neutrale.al\/index.php\/wp-json\/wp\/v2\/tags?post=6092"}],"curies":[{"name":"wp","href":"https:\/\/api.w.org\/{rel}","templated":true}]}}