{"id":6041,"date":"2022-06-18T20:52:35","date_gmt":"2022-06-18T20:52:35","guid":{"rendered":"https:\/\/neutrale.al\/?p=6041"},"modified":"2022-06-18T20:52:35","modified_gmt":"2022-06-18T20:52:35","slug":"joe-biden-rrezohet-nga-bicikleta","status":"publish","type":"post","link":"https:\/\/neutrale.al\/index.php\/2022\/06\/18\/joe-biden-rrezohet-nga-bicikleta\/","title":{"rendered":"Joe Biden rr\u00ebzohet nga bi\u00e7ikleta"},"content":{"rendered":"<p>Joe Biden u rr\u00ebzua nga bi\u00e7ikleta pran\u00eb sht\u00ebpis\u00eb s\u00eb tij n\u00eb Delaware, teksa ai dhe gruaja e tij Jill festonin 45 vjetorin e martes\u00ebs. <\/p>\n<p>Presidenti amerikan, shoq\u00ebruar nga gruaja e tij Jill, u nis n\u00eb m\u00ebngjes p\u00ebr nj\u00eb xhiro me bi\u00e7iklet\u00eb n\u00ebn kujdesin e agjent\u00ebve t\u00eb siguris\u00eb. Pak \u00e7aste para r\u00ebnies, ai p\u00ebrsh\u00ebndeti gazetar\u00ebt me\u00a0 dor\u00eb dhe befas u rr\u00ebzua.<br \/>\nAi nuk p\u00ebsoi d\u00ebmtime dhe u \u00e7ua menj\u00ebher\u00eb. <\/p>\n<p>Biden dhe bashk\u00ebshortja e tij po festonin 45 vjetorin e martes\u00ebs dhe po kalojn\u00eb fundjav\u00ebn n\u00eb plazh raporton DailyMail<\/p>\n","protected":false},"excerpt":{"rendered":"<p>Joe Biden u rr\u00ebzua nga bi\u00e7ikleta pran\u00eb sht\u00ebpis\u00eb s\u00eb tij n\u00eb Delaware, teksa ai dhe gruaja e tij Jill festonin 45 vjetorin e martes\u00ebs. Presidenti amerikan, shoq\u00ebruar nga gruaja e tij Jill, u nis n\u00eb m\u00ebngjes p\u00ebr nj\u00eb xhiro me bi\u00e7iklet\u00eb n\u00ebn kujdesin e agjent\u00ebve t\u00eb siguris\u00eb. Pak \u00e7aste para r\u00ebnies, ai p\u00ebrsh\u00ebndeti gazetar\u00ebt me\u00a0 [&hellip;]<\/p>\n","protected":false},"author":2,"featured_media":6042,"comment_status":"open","ping_status":"open","sticky":false,"template":"","format":"standard","meta":{"footnotes":""},"categories":[12,118],"tags":[27],"class_list":{"0":"post-6041","1":"post","2":"type-post","3":"status-publish","4":"format-standard","5":"has-post-thumbnail","7":"category-bota","8":"category-kryesore","9":"tag-lajme"},"_links":{"self":[{"href":"https:\/\/neutrale.al\/index.php\/wp-json\/wp\/v2\/posts\/6041","targetHints":{"allow":["GET"]}}],"collection":[{"href":"https:\/\/neutrale.al\/index.php\/wp-json\/wp\/v2\/posts"}],"about":[{"href":"https:\/\/neutrale.al\/index.php\/wp-json\/wp\/v2\/types\/post"}],"author":[{"embeddable":true,"href":"https:\/\/neutrale.al\/index.php\/wp-json\/wp\/v2\/users\/2"}],"replies":[{"embeddable":true,"href":"https:\/\/neutrale.al\/index.php\/wp-json\/wp\/v2\/comments?post=6041"}],"version-history":[{"count":1,"href":"https:\/\/neutrale.al\/index.php\/wp-json\/wp\/v2\/posts\/6041\/revisions"}],"predecessor-version":[{"id":6043,"href":"https:\/\/neutrale.al\/index.php\/wp-json\/wp\/v2\/posts\/6041\/revisions\/6043"}],"wp:featuredmedia":[{"embeddable":true,"href":"https:\/\/neutrale.al\/index.php\/wp-json\/wp\/v2\/media\/6042"}],"wp:attachment":[{"href":"https:\/\/neutrale.al\/index.php\/wp-json\/wp\/v2\/media?parent=6041"}],"wp:term":[{"taxonomy":"category","embeddable":true,"href":"https:\/\/neutrale.al\/index.php\/wp-json\/wp\/v2\/categories?post=6041"},{"taxonomy":"post_tag","embeddable":true,"href":"https:\/\/neutrale.al\/index.php\/wp-json\/wp\/v2\/tags?post=6041"}],"curies":[{"name":"wp","href":"https:\/\/api.w.org\/{rel}","templated":true}]}}