{"id":60274,"date":"2023-09-25T15:52:43","date_gmt":"2023-09-25T15:52:43","guid":{"rendered":"https:\/\/neutrale.al\/?p=60274"},"modified":"2023-09-25T15:52:43","modified_gmt":"2023-09-25T15:52:43","slug":"ukraine-vritet-komandanti-i-flotes-se-detit-te-zi","status":"publish","type":"post","link":"https:\/\/neutrale.al\/index.php\/2023\/09\/25\/ukraine-vritet-komandanti-i-flotes-se-detit-te-zi\/","title":{"rendered":"Ukrain\u00eb: Vritet komandanti i flot\u00ebs s\u00eb Detit t\u00eb Zi"},"content":{"rendered":"<p>Komandanti i flot\u00ebs ruse t\u00eb Detit t\u00eb Zi, Viktor Sokolov, \u00ebsht\u00eb n\u00eb mesin e m\u00eb shum\u00eb se 30 t\u00eb vdekurve pas sulmit t\u00eb jav\u00ebs s\u00eb kaluar n\u00eb selin\u00eb detare n\u00eb Krime, shkruajn\u00eb mediat.<\/p>\n<p>Ukraina tani e deklaron zyrtarisht k\u00ebt\u00eb.<\/p>\n<p>Ka disa dit\u00eb q\u00eb qarkullojn\u00eb informacione se nj\u00eb num\u00ebr ushtarak\u00ebsh t\u00eb rangut t\u00eb lart\u00eb rus kan\u00eb humbur jet\u00ebn n\u00eb sulmin me dron n\u00eb Sevastopol n\u00eb Krime t\u00eb premten. <\/p>\n<p>Tani, Ukraina deklaron zyrtarisht se komandanti m\u00eb i lart\u00eb n\u00eb zon\u00eb \u00ebsht\u00eb n\u00eb mesin e tyre.<\/p>\n<p>\u201cKomandanti i flot\u00ebs ruse n\u00eb Detin e Zi \u00ebsht\u00eb n\u00eb mesin e 34 t\u00eb vdekurve n\u00eb sulmin ajror n\u00eb seli\u201d, shkruajn\u00eb forcat speciale t\u00eb Ukrain\u00ebs n\u00eb X (Twitter) dhe media t\u00eb tjera sociale.<\/p>\n<p>Sipas deklarat\u00ebs, edhe selia \u00ebsht\u00eb aq e shkat\u00ebrruar sa \u00ebsht\u00eb \u201cp\u00ebrtej rind\u00ebrtimit\u201d.<\/p>\n<p>Megjithat\u00eb, t\u00eb gjitha raportet p\u00ebr sulme t\u00eb tilla n\u00eb luft\u00eb quhen shum\u00eb t\u00eb pasigurta, pasi ato nuk mund t\u00eb konfirmohen nga burime t\u00eb pavarura<\/p>\n<p><img loading=\"lazy\" loading=\"lazy\" decoding=\"async\" src=\"https:\/\/neutrale.al\/wp-content\/uploads\/2023\/09\/82071259-4a24-4c11-bcf0-22f3acc8d840-300x164.jpeg\" alt=\"\" width=\"300\" height=\"164\" class=\"alignnone size-medium wp-image-60275\" srcset=\"https:\/\/neutrale.al\/wp-content\/uploads\/2023\/09\/82071259-4a24-4c11-bcf0-22f3acc8d840-300x164.jpeg 300w, https:\/\/neutrale.al\/wp-content\/uploads\/2023\/09\/82071259-4a24-4c11-bcf0-22f3acc8d840-1024x558.jpeg 1024w, https:\/\/neutrale.al\/wp-content\/uploads\/2023\/09\/82071259-4a24-4c11-bcf0-22f3acc8d840-768x419.jpeg 768w, https:\/\/neutrale.al\/wp-content\/uploads\/2023\/09\/82071259-4a24-4c11-bcf0-22f3acc8d840-860x469.jpeg 860w, https:\/\/neutrale.al\/wp-content\/uploads\/2023\/09\/82071259-4a24-4c11-bcf0-22f3acc8d840.jpeg 1080w\" sizes=\"auto, (max-width: 300px) 100vw, 300px\" \/><\/p>\n<p><img loading=\"lazy\" loading=\"lazy\" decoding=\"async\" src=\"https:\/\/neutrale.al\/wp-content\/uploads\/2023\/09\/cb75b266-55a9-43df-a44d-a3910e2a38f6-204x300.jpeg\" alt=\"\" width=\"204\" height=\"300\" class=\"alignnone size-medium wp-image-60276\" srcset=\"https:\/\/neutrale.al\/wp-content\/uploads\/2023\/09\/cb75b266-55a9-43df-a44d-a3910e2a38f6-204x300.jpeg 204w, https:\/\/neutrale.al\/wp-content\/uploads\/2023\/09\/cb75b266-55a9-43df-a44d-a3910e2a38f6.jpeg 433w\" sizes=\"auto, (max-width: 204px) 100vw, 204px\" \/><\/p>\n","protected":false},"excerpt":{"rendered":"<p>Komandanti i flot\u00ebs ruse t\u00eb Detit t\u00eb Zi, Viktor Sokolov, \u00ebsht\u00eb n\u00eb mesin e m\u00eb shum\u00eb se 30 t\u00eb vdekurve pas sulmit t\u00eb jav\u00ebs s\u00eb kaluar n\u00eb selin\u00eb detare n\u00eb Krime, shkruajn\u00eb mediat. Ukraina tani e deklaron zyrtarisht k\u00ebt\u00eb. Ka disa dit\u00eb q\u00eb qarkullojn\u00eb informacione se nj\u00eb num\u00ebr ushtarak\u00ebsh t\u00eb rangut t\u00eb lart\u00eb rus kan\u00eb [&hellip;]<\/p>\n","protected":false},"author":2,"featured_media":60276,"comment_status":"open","ping_status":"open","sticky":false,"template":"","format":"standard","meta":{"footnotes":""},"categories":[12,118],"tags":[],"class_list":{"0":"post-60274","1":"post","2":"type-post","3":"status-publish","4":"format-standard","5":"has-post-thumbnail","7":"category-bota","8":"category-kryesore"},"_links":{"self":[{"href":"https:\/\/neutrale.al\/index.php\/wp-json\/wp\/v2\/posts\/60274","targetHints":{"allow":["GET"]}}],"collection":[{"href":"https:\/\/neutrale.al\/index.php\/wp-json\/wp\/v2\/posts"}],"about":[{"href":"https:\/\/neutrale.al\/index.php\/wp-json\/wp\/v2\/types\/post"}],"author":[{"embeddable":true,"href":"https:\/\/neutrale.al\/index.php\/wp-json\/wp\/v2\/users\/2"}],"replies":[{"embeddable":true,"href":"https:\/\/neutrale.al\/index.php\/wp-json\/wp\/v2\/comments?post=60274"}],"version-history":[{"count":2,"href":"https:\/\/neutrale.al\/index.php\/wp-json\/wp\/v2\/posts\/60274\/revisions"}],"predecessor-version":[{"id":60278,"href":"https:\/\/neutrale.al\/index.php\/wp-json\/wp\/v2\/posts\/60274\/revisions\/60278"}],"wp:featuredmedia":[{"embeddable":true,"href":"https:\/\/neutrale.al\/index.php\/wp-json\/wp\/v2\/media\/60276"}],"wp:attachment":[{"href":"https:\/\/neutrale.al\/index.php\/wp-json\/wp\/v2\/media?parent=60274"}],"wp:term":[{"taxonomy":"category","embeddable":true,"href":"https:\/\/neutrale.al\/index.php\/wp-json\/wp\/v2\/categories?post=60274"},{"taxonomy":"post_tag","embeddable":true,"href":"https:\/\/neutrale.al\/index.php\/wp-json\/wp\/v2\/tags?post=60274"}],"curies":[{"name":"wp","href":"https:\/\/api.w.org\/{rel}","templated":true}]}}