{"id":6018,"date":"2022-06-18T14:20:58","date_gmt":"2022-06-18T14:20:58","guid":{"rendered":"https:\/\/neutrale.al\/?p=6018"},"modified":"2022-06-18T14:20:58","modified_gmt":"2022-06-18T14:20:58","slug":"flamur-noka-ministri-i-brendshem-bledi-cuci-te-jape-doreheqjen-nga-detyra","status":"publish","type":"post","link":"https:\/\/neutrale.al\/index.php\/2022\/06\/18\/flamur-noka-ministri-i-brendshem-bledi-cuci-te-jape-doreheqjen-nga-detyra\/","title":{"rendered":"Flamur Noka\/ Ministri i Brendsh\u00ebm Bledi \u00c7u\u00e7i t\u00eb jap\u00eb dor\u00ebheqjen nga detyra !"},"content":{"rendered":"<p>Sekretari i P\u00ebrgjithsh\u00ebm i PD-s\u00eb, Flamur Noka u shpreh sot n\u00eb nj\u00eb dalje p\u00ebr mediat se skandali i r\u00ebnd\u00eb, ku \u00ebsht\u00eb p\u00ebrfshir\u00eb djali i ministrit t\u00eb Brendsh\u00ebm Bledi \u00c7u\u00e7i, prej koh\u00ebsh i \u00ebsht\u00eb fshehur q\u00ebllimisht opinionit publik dhe k\u00ebrkoi dor\u00ebheqjen e tij. <\/p>\n<p>\u201cEdi Rama nj\u00ebsoj si\u00e7 mbrojti Saimir Tahirin t\u00eb p\u00ebrfshir\u00eb n\u00eb trafik droge, nj\u00ebsoj si\u00e7 mbrojti Fatmir Xhaf\u00ebn p\u00ebr t\u00eb v\u00ebllan\u00eb trafikant droge, nj\u00ebsoj si\u00e7 mbrojti kryebashkiak\u00eb e deputet\u00eb \u2013 trafikant\u00eb e shkel\u00ebs t\u00eb tjer\u00eb t\u00eb ligjit, po b\u00ebn gjith\u00e7ka p\u00ebr t\u00eb mbajtur t\u00eb fshehur skandalin e p\u00ebrfshirjes s\u00eb djalit t\u00eb Bledi \u00c7u\u00e7it n\u00eb nj\u00eb afer\u00eb kriminale trafiku n\u00eb Itali dhe ta mbaj\u00eb at\u00eb minist\u00ebr t\u00eb Brendsh\u00ebm\u201d, u shpreh Noka. <\/p>\n<p>\u201cN\u00ebse n\u00eb Shqip\u00ebri do kishte shtet me demokraci funksionale dhe jo regjim, Bledi \u00c7u\u00e7i edhe n\u00ebse s\u2019do t\u00eb jepte dor\u00ebheqjen, do duhet t\u00eb ishte shkarkuar menj\u00ebher\u00eb\u201d, vijoi Noka. <\/p>\n<p>Sipas tij, Bledi \u00c7u\u00e7i ka heshtur p\u00ebr rolin e t\u00eb birit n\u00eb skem\u00ebn e trafikut, t\u00eb zbuluar nga autoritetet ligjzbatuese italiane, por heshtja e tij e q\u00ebllimshme nuk i mbulon dot faktet e r\u00ebnda. <\/p>\n<p>\u201c\u00cbsht\u00eb fakt se djali i Ministrit t\u00eb Brendsh\u00ebm t\u00eb Shqip\u00ebris\u00eb ka kaluar kufirin me dokumenta ta falsifikuara. \u00cbsht\u00eb fakt se djali i Ministrit t\u00eb Brendsh\u00ebm t\u00eb Shqip\u00ebris\u00eb e ka kaluar kufirin me Italin\u00eb n\u00eb m\u00ebnyr\u00eb t\u00eb paligjshme me q\u00ebllim transportin e ila\u00e7eve, pjes\u00eb e skem\u00ebs s\u00eb abuzimit prej 600 mij\u00eb eurosh. \u00cbsht\u00eb fakt se t\u00eb dyja k\u00ebto jan\u00eb pjes\u00eb e akuz\u00ebs ndaj djalit t\u00eb Ministrit t\u00eb Brendsh\u00ebm t\u00eb Shqip\u00ebris\u00eb, si\u00e7 pohohet edhe n\u00eb hetimet paraprake t\u00eb Prokuroris\u00eb s\u00eb Milanos\u201d, tha Noka.<\/p>\n","protected":false},"excerpt":{"rendered":"<p>Sekretari i P\u00ebrgjithsh\u00ebm i PD-s\u00eb, Flamur Noka u shpreh sot n\u00eb nj\u00eb dalje p\u00ebr mediat se skandali i r\u00ebnd\u00eb, ku \u00ebsht\u00eb p\u00ebrfshir\u00eb djali i ministrit t\u00eb Brendsh\u00ebm Bledi \u00c7u\u00e7i, prej koh\u00ebsh i \u00ebsht\u00eb fshehur q\u00ebllimisht opinionit publik dhe k\u00ebrkoi dor\u00ebheqjen e tij. \u201cEdi Rama nj\u00ebsoj si\u00e7 mbrojti Saimir Tahirin t\u00eb p\u00ebrfshir\u00eb n\u00eb trafik droge, nj\u00ebsoj [&hellip;]<\/p>\n","protected":false},"author":2,"featured_media":6019,"comment_status":"open","ping_status":"open","sticky":false,"template":"","format":"standard","meta":{"footnotes":""},"categories":[118,9],"tags":[27],"class_list":{"0":"post-6018","1":"post","2":"type-post","3":"status-publish","4":"format-standard","5":"has-post-thumbnail","7":"category-kryesore","8":"category-politika","9":"tag-lajme"},"_links":{"self":[{"href":"https:\/\/neutrale.al\/index.php\/wp-json\/wp\/v2\/posts\/6018","targetHints":{"allow":["GET"]}}],"collection":[{"href":"https:\/\/neutrale.al\/index.php\/wp-json\/wp\/v2\/posts"}],"about":[{"href":"https:\/\/neutrale.al\/index.php\/wp-json\/wp\/v2\/types\/post"}],"author":[{"embeddable":true,"href":"https:\/\/neutrale.al\/index.php\/wp-json\/wp\/v2\/users\/2"}],"replies":[{"embeddable":true,"href":"https:\/\/neutrale.al\/index.php\/wp-json\/wp\/v2\/comments?post=6018"}],"version-history":[{"count":1,"href":"https:\/\/neutrale.al\/index.php\/wp-json\/wp\/v2\/posts\/6018\/revisions"}],"predecessor-version":[{"id":6020,"href":"https:\/\/neutrale.al\/index.php\/wp-json\/wp\/v2\/posts\/6018\/revisions\/6020"}],"wp:featuredmedia":[{"embeddable":true,"href":"https:\/\/neutrale.al\/index.php\/wp-json\/wp\/v2\/media\/6019"}],"wp:attachment":[{"href":"https:\/\/neutrale.al\/index.php\/wp-json\/wp\/v2\/media?parent=6018"}],"wp:term":[{"taxonomy":"category","embeddable":true,"href":"https:\/\/neutrale.al\/index.php\/wp-json\/wp\/v2\/categories?post=6018"},{"taxonomy":"post_tag","embeddable":true,"href":"https:\/\/neutrale.al\/index.php\/wp-json\/wp\/v2\/tags?post=6018"}],"curies":[{"name":"wp","href":"https:\/\/api.w.org\/{rel}","templated":true}]}}