{"id":5847,"date":"2022-06-16T18:47:52","date_gmt":"2022-06-16T18:47:52","guid":{"rendered":"https:\/\/neutrale.al\/?p=5847"},"modified":"2022-06-16T18:47:52","modified_gmt":"2022-06-16T18:47:52","slug":"sot-ne-kuvend-erion-brace-bujqit-qe-na-votojne-ne-e-ne-kerkojme-e-lypin-voten-e-tyre","status":"publish","type":"post","link":"https:\/\/neutrale.al\/index.php\/2022\/06\/16\/sot-ne-kuvend-erion-brace-bujqit-qe-na-votojne-ne-e-ne-kerkojme-e-lypin-voten-e-tyre\/","title":{"rendered":"Sot n\u00eb Kuvend\/Erion Bra\u00e7e: Bujqit q\u00eb na votojn\u00eb\u00a0 ne&#8230; E ne k\u00ebrkojm\u00eb e lypin vot\u00ebn e tyre."},"content":{"rendered":"<p>Deputeti i zon\u00ebs Divjak\u00eb-Lushnje, ka qen\u00eb i drejtp\u00ebrdrejt\u00eb sot n\u00eb mbrojtje t\u00eb interesave t\u00eb fermer\u00ebve.<br \/>\nAi trajtoi nj\u00eb mori problemesh t\u00eb tjera si\u00a0 \u00e7\u00ebshtjen e heqjes s\u00eb taks\u00ebs deri n\u00eb 50.000 lek\u00eb, por ndali posa\u00e7\u00ebrisht n\u00eb problemet me tregun q\u00eb has bujku n\u00eb pun\u00ebn e tij. <\/p>\n<p>Ja nj\u00eb fragment nga fjala e tij: <\/p>\n<p>\u201cBujq\u00ebsis\u00eb shqiptare i duhet bursa dhe i duhet tani, nj\u00eb instrument transparent-komb\u00ebtar, me q\u00ebllim q\u00eb bujku t\u00eb marr\u00eb djers\u00ebn e tij. \u00cbsht\u00eb themelore, sepse po ndodh gj\u00ebma.\u00a0 <\/p>\n<p>Shteti mos i l\u00ebr\u00eb ata njer\u00ebz atje n\u00ebn hyqmin e grabitqar\u00ebve. Tregtar\u00ebt grabitqar\u00eb q\u00eb kemi q\u00eb u kemi dh\u00ebn\u00eb para nga buxhet i shtetit p\u00ebr t\u00eb nd\u00ebrtuar kapacitetet magazinuese e tani talleni me gjakun, djers\u00ebn dhe mundin e bujkut. Ky \u00ebsht\u00eb problemi. Nga 32 leke kg shalqini dje e pash\u00eb vet ne 24 lek\u00eb p\u00ebr kg, po \u00e7far\u00eb ndodh more brenda nj\u00eb dite? Maskarenj q\u00eb i flasin nj\u00ebri-tjetrin n\u00eb telefona dhe q\u00eb ju thon\u00eb po pse \u2026s\u2019po e them fjal\u00ebn \u2026do u japim ne para? E k\u00ebta jan\u00eb bujqit, q\u00eb na votojn\u00eb ne. E k\u00ebrkojm\u00eb e lypim vot\u00ebn ne tek ta\u201d,\u00a0tha Bra\u00e7e.<\/p>\n","protected":false},"excerpt":{"rendered":"<p>Deputeti i zon\u00ebs Divjak\u00eb-Lushnje, ka qen\u00eb i drejtp\u00ebrdrejt\u00eb sot n\u00eb mbrojtje t\u00eb interesave t\u00eb fermer\u00ebve. Ai trajtoi nj\u00eb mori problemesh t\u00eb tjera si\u00a0 \u00e7\u00ebshtjen e heqjes s\u00eb taks\u00ebs deri n\u00eb 50.000 lek\u00eb, por ndali posa\u00e7\u00ebrisht n\u00eb problemet me tregun q\u00eb has bujku n\u00eb pun\u00ebn e tij. Ja nj\u00eb fragment nga fjala e tij: \u201cBujq\u00ebsis\u00eb shqiptare [&hellip;]<\/p>\n","protected":false},"author":2,"featured_media":5848,"comment_status":"open","ping_status":"open","sticky":false,"template":"","format":"standard","meta":{"footnotes":""},"categories":[118,9],"tags":[27],"class_list":{"0":"post-5847","1":"post","2":"type-post","3":"status-publish","4":"format-standard","5":"has-post-thumbnail","7":"category-kryesore","8":"category-politika","9":"tag-lajme"},"_links":{"self":[{"href":"https:\/\/neutrale.al\/index.php\/wp-json\/wp\/v2\/posts\/5847","targetHints":{"allow":["GET"]}}],"collection":[{"href":"https:\/\/neutrale.al\/index.php\/wp-json\/wp\/v2\/posts"}],"about":[{"href":"https:\/\/neutrale.al\/index.php\/wp-json\/wp\/v2\/types\/post"}],"author":[{"embeddable":true,"href":"https:\/\/neutrale.al\/index.php\/wp-json\/wp\/v2\/users\/2"}],"replies":[{"embeddable":true,"href":"https:\/\/neutrale.al\/index.php\/wp-json\/wp\/v2\/comments?post=5847"}],"version-history":[{"count":1,"href":"https:\/\/neutrale.al\/index.php\/wp-json\/wp\/v2\/posts\/5847\/revisions"}],"predecessor-version":[{"id":5849,"href":"https:\/\/neutrale.al\/index.php\/wp-json\/wp\/v2\/posts\/5847\/revisions\/5849"}],"wp:featuredmedia":[{"embeddable":true,"href":"https:\/\/neutrale.al\/index.php\/wp-json\/wp\/v2\/media\/5848"}],"wp:attachment":[{"href":"https:\/\/neutrale.al\/index.php\/wp-json\/wp\/v2\/media?parent=5847"}],"wp:term":[{"taxonomy":"category","embeddable":true,"href":"https:\/\/neutrale.al\/index.php\/wp-json\/wp\/v2\/categories?post=5847"},{"taxonomy":"post_tag","embeddable":true,"href":"https:\/\/neutrale.al\/index.php\/wp-json\/wp\/v2\/tags?post=5847"}],"curies":[{"name":"wp","href":"https:\/\/api.w.org\/{rel}","templated":true}]}}