{"id":58444,"date":"2023-09-01T17:18:47","date_gmt":"2023-09-01T17:18:47","guid":{"rendered":"https:\/\/neutrale.al\/?p=58444"},"modified":"2023-09-01T17:18:47","modified_gmt":"2023-09-01T17:18:47","slug":"per-fermeret-sherbimet-e-ullirit-ne-muajin-shtator","status":"publish","type":"post","link":"https:\/\/neutrale.al\/index.php\/2023\/09\/01\/per-fermeret-sherbimet-e-ullirit-ne-muajin-shtator\/","title":{"rendered":"P\u00ebr fermer\u00ebt\/ Sh\u00ebrbimet e ullirit n\u00eb muajin shtator."},"content":{"rendered":"<p>Kokrrat nisin t\u00eb grumbullojn\u00eb vaj dhe t\u00eb rritin madh\u00ebsin\u00eb e tyre, nevojat e bim\u00ebs p\u00ebr uj\u00eb edhe gjat\u00eb k\u00ebsaj kohe jan\u00eb t\u00eb larta.<br \/>\nN\u00eb rast se nuk bien shirat e para t\u00eb vjesht\u00ebs, vazhdon ujitja. Ajo \u00ebsht\u00eb mjaft e dobishme p\u00ebr rritjen e pesh\u00ebs se fryteve dhe shtimin e prodhimit.<br \/>\nP\u00ebrfundon t\u00ebharja e gjelb\u00ebr. Nis punimi i gjith\u00eb sip\u00ebrfaqes s\u00eb tok\u00ebs, i cili p\u00ebrve\u00e7 dobive t\u00eb tjera ndikon shum\u00eb n\u00eb dep\u00ebrtimin dhe depozitimin e ujit t\u00eb reshjeve n\u00ebn tok\u00eb.<br \/>\nKrahas punimit mbillen bim\u00eb p\u00ebr plehrim t\u00eb gjelb\u00ebr si: batha, bizelja, foragjere, buxhaku, lupini, etj dhe n\u00eb munges\u00eb t\u00eb tyre mbillen far\u00ebra t\u00eb gramoreve q\u00eb japin mas\u00eb t\u00eb madhe t\u00eb gjelb\u00ebr si : thekra, t\u00ebrsh\u00ebra, loliumi apo bime t\u00eb tilla si kolza, perko, sinapi, etj, mjafton q\u00eb t\u00eb japin sasi t\u00eb m\u00ebdha l\u00ebnde organike p\u00ebr p\u00ebrmbysje. Sistemohen dhe p\u00ebrgatiten vendet q\u00eb do t\u00eb mbillen me ullinj t\u00eb rinj.<br \/>\nKryhen trajtimet kimike kund\u00ebr miz\u00ebs s\u00eb ullirit, sidomos n\u00eb ullinjt\u00eb kok\u00ebrm\u00ebdhenj p\u00ebr kripje si dhe trajtimet kund\u00ebr syrit t\u00eb palloit, n\u00eb vatrat q\u00eb preken nga kjo s\u00ebmundje.<br \/>\nSipas Prof.dr.Resmi Osmani<\/p>\n","protected":false},"excerpt":{"rendered":"<p>Kokrrat nisin t\u00eb grumbullojn\u00eb vaj dhe t\u00eb rritin madh\u00ebsin\u00eb e tyre, nevojat e bim\u00ebs p\u00ebr uj\u00eb edhe gjat\u00eb k\u00ebsaj kohe jan\u00eb t\u00eb larta. N\u00eb rast se nuk bien shirat e para t\u00eb vjesht\u00ebs, vazhdon ujitja. Ajo \u00ebsht\u00eb mjaft e dobishme p\u00ebr rritjen e pesh\u00ebs se fryteve dhe shtimin e prodhimit. P\u00ebrfundon t\u00ebharja e gjelb\u00ebr. Nis [&hellip;]<\/p>\n","protected":false},"author":2,"featured_media":58445,"comment_status":"open","ping_status":"open","sticky":false,"template":"","format":"standard","meta":{"footnotes":""},"categories":[1],"tags":[],"class_list":{"0":"post-58444","1":"post","2":"type-post","3":"status-publish","4":"format-standard","5":"has-post-thumbnail","7":"category-te-tjera"},"_links":{"self":[{"href":"https:\/\/neutrale.al\/index.php\/wp-json\/wp\/v2\/posts\/58444","targetHints":{"allow":["GET"]}}],"collection":[{"href":"https:\/\/neutrale.al\/index.php\/wp-json\/wp\/v2\/posts"}],"about":[{"href":"https:\/\/neutrale.al\/index.php\/wp-json\/wp\/v2\/types\/post"}],"author":[{"embeddable":true,"href":"https:\/\/neutrale.al\/index.php\/wp-json\/wp\/v2\/users\/2"}],"replies":[{"embeddable":true,"href":"https:\/\/neutrale.al\/index.php\/wp-json\/wp\/v2\/comments?post=58444"}],"version-history":[{"count":1,"href":"https:\/\/neutrale.al\/index.php\/wp-json\/wp\/v2\/posts\/58444\/revisions"}],"predecessor-version":[{"id":58446,"href":"https:\/\/neutrale.al\/index.php\/wp-json\/wp\/v2\/posts\/58444\/revisions\/58446"}],"wp:featuredmedia":[{"embeddable":true,"href":"https:\/\/neutrale.al\/index.php\/wp-json\/wp\/v2\/media\/58445"}],"wp:attachment":[{"href":"https:\/\/neutrale.al\/index.php\/wp-json\/wp\/v2\/media?parent=58444"}],"wp:term":[{"taxonomy":"category","embeddable":true,"href":"https:\/\/neutrale.al\/index.php\/wp-json\/wp\/v2\/categories?post=58444"},{"taxonomy":"post_tag","embeddable":true,"href":"https:\/\/neutrale.al\/index.php\/wp-json\/wp\/v2\/tags?post=58444"}],"curies":[{"name":"wp","href":"https:\/\/api.w.org\/{rel}","templated":true}]}}