{"id":5836,"date":"2022-06-16T17:13:03","date_gmt":"2022-06-16T17:13:03","guid":{"rendered":"https:\/\/neutrale.al\/?p=5836"},"modified":"2022-06-16T17:13:03","modified_gmt":"2022-06-16T17:13:03","slug":"krenari-dhe-dashuri-posteri-i-dyshes-zelensky-putin","status":"publish","type":"post","link":"https:\/\/neutrale.al\/index.php\/2022\/06\/16\/krenari-dhe-dashuri-posteri-i-dyshes-zelensky-putin\/","title":{"rendered":"&#8220;Krenari dhe dashuri&#8221;, posteri i dyshes Zelensky-Putin&#8230;"},"content":{"rendered":"<p>Nj\u00eb puthje mes president\u00ebve t\u00eb Ukrain\u00ebs dhe Rusis\u00eb, Volodymyr Zelensky dhe Vladimir Putin, dhe fjal\u00ebt #krenari dhe dashuri m\u00eb hashtag.\u00a0Kjo \u00ebsht\u00eb\u00a0vepra e re\u00a0e artistit t\u00eb rrug\u00ebs Andrea Villa, i njohur si \u201cBanksy i Torinos\u201d, vendosur n\u00eb or\u00ebt e fundit n\u00eb qend\u00ebr t\u00eb qytetit verior italian, n\u00eb Corso San Maurizio dhe Viale Primo Maggio. <\/p>\n<p>\u201cP\u00ebr t\u00eb krijuar k\u00ebt\u00eb poster jam frym\u00ebzuar nga puthja e Galeris\u00eb East Side n\u00eb Berlin. \u00cbsht\u00eb krijuar nga Dmitri Vrubel n\u00eb vitin 1990 dhe <\/p>\n<p>paraqet Leonid Brezhnev dhe Erich Honecker, p\u00ebrkat\u00ebsisht sekretarin e p\u00ebrgjithsh\u00ebm t\u00eb BRSS dhe presidentin e RDGJ n\u00eb vitin 1979, n\u00eb aktin e shk\u00ebmbimit t\u00eb nj\u00eb puthjeje v\u00ebllaz\u00ebrore n\u00eb buz\u00eb p\u00ebr t\u00eb p\u00ebrsh\u00ebndetur nj\u00ebri-tjetrin n\u00eb nj\u00eb ceremoni zyrtare\u201d, shpjegon artisti. <\/p>\n<p>Ajo puthje duhej t\u00eb p\u00ebrfaq\u00ebsonte soliditetin e lidhjes midis dy vendeve, t\u00eb nj\u00ebjt\u00ebn gj\u00eb q\u00eb Muri tashm\u00eb i shembur n\u00ebnvizonte si nj\u00eb eksperiment i d\u00ebshtuar. <\/p>\n<p>\u201cNj\u00eb paralele me t\u00eb nj\u00ebjt\u00ebn utopi t\u00eb paqes evropiane, e cila tani \u00ebsht\u00eb zbehur, doja t\u00eb p\u00ebrfaq\u00ebsoja krenarin\u00eb e Rusis\u00eb, nj\u00eb vend q\u00eb nuk ka njohur kurr\u00eb nj\u00eb demokraci t\u00eb v\u00ebrtet\u00eb, sepse \u00ebsht\u00eb shum\u00eb i frik\u00ebsuar p\u00ebr t\u00eb humbur rolin si fuqi bot\u00ebrore dhe shpres\u00ebn (Dashurin\u00eb) q\u00eb dy shtetet (Rusia dhe Ukraina) t\u00eb mund t\u00eb b\u00ebjn\u00eb paqe dhe t\u2019i japin fund konfliktit\u201d, shton m\u00eb tej Villa.<\/p>\n<p><img loading=\"lazy\" loading=\"lazy\" decoding=\"async\" src=\"https:\/\/neutrale.al\/wp-content\/uploads\/2022\/06\/E849069C-16A2-4DE8-81BA-95FBF0A8CE45-300x197.jpeg\" alt=\"\" width=\"300\" height=\"197\" class=\"alignnone size-medium wp-image-5837\" srcset=\"https:\/\/neutrale.al\/wp-content\/uploads\/2022\/06\/E849069C-16A2-4DE8-81BA-95FBF0A8CE45-300x197.jpeg 300w, https:\/\/neutrale.al\/wp-content\/uploads\/2022\/06\/E849069C-16A2-4DE8-81BA-95FBF0A8CE45-1024x674.jpeg 1024w, https:\/\/neutrale.al\/wp-content\/uploads\/2022\/06\/E849069C-16A2-4DE8-81BA-95FBF0A8CE45-768x505.jpeg 768w, https:\/\/neutrale.al\/wp-content\/uploads\/2022\/06\/E849069C-16A2-4DE8-81BA-95FBF0A8CE45-860x566.jpeg 860w, https:\/\/neutrale.al\/wp-content\/uploads\/2022\/06\/E849069C-16A2-4DE8-81BA-95FBF0A8CE45.jpeg 1400w\" sizes=\"auto, (max-width: 300px) 100vw, 300px\" \/><\/p>\n<p><img loading=\"lazy\" loading=\"lazy\" decoding=\"async\" src=\"https:\/\/neutrale.al\/wp-content\/uploads\/2022\/06\/B44476BC-2080-4B91-9DA4-4897E5B9180F-219x300.jpeg\" alt=\"\" width=\"219\" height=\"300\" class=\"alignnone size-medium wp-image-5838\" srcset=\"https:\/\/neutrale.al\/wp-content\/uploads\/2022\/06\/B44476BC-2080-4B91-9DA4-4897E5B9180F-219x300.jpeg 219w, https:\/\/neutrale.al\/wp-content\/uploads\/2022\/06\/B44476BC-2080-4B91-9DA4-4897E5B9180F.jpeg 365w\" sizes=\"auto, (max-width: 219px) 100vw, 219px\" \/><\/p>\n","protected":false},"excerpt":{"rendered":"<p>Nj\u00eb puthje mes president\u00ebve t\u00eb Ukrain\u00ebs dhe Rusis\u00eb, Volodymyr Zelensky dhe Vladimir Putin, dhe fjal\u00ebt #krenari dhe dashuri m\u00eb hashtag.\u00a0Kjo \u00ebsht\u00eb\u00a0vepra e re\u00a0e artistit t\u00eb rrug\u00ebs Andrea Villa, i njohur si \u201cBanksy i Torinos\u201d, vendosur n\u00eb or\u00ebt e fundit n\u00eb qend\u00ebr t\u00eb qytetit verior italian, n\u00eb Corso San Maurizio dhe Viale Primo Maggio. \u201cP\u00ebr t\u00eb [&hellip;]<\/p>\n","protected":false},"author":2,"featured_media":5839,"comment_status":"open","ping_status":"open","sticky":false,"template":"","format":"standard","meta":{"footnotes":""},"categories":[12,118],"tags":[27],"class_list":{"0":"post-5836","1":"post","2":"type-post","3":"status-publish","4":"format-standard","5":"has-post-thumbnail","7":"category-bota","8":"category-kryesore","9":"tag-lajme"},"_links":{"self":[{"href":"https:\/\/neutrale.al\/index.php\/wp-json\/wp\/v2\/posts\/5836","targetHints":{"allow":["GET"]}}],"collection":[{"href":"https:\/\/neutrale.al\/index.php\/wp-json\/wp\/v2\/posts"}],"about":[{"href":"https:\/\/neutrale.al\/index.php\/wp-json\/wp\/v2\/types\/post"}],"author":[{"embeddable":true,"href":"https:\/\/neutrale.al\/index.php\/wp-json\/wp\/v2\/users\/2"}],"replies":[{"embeddable":true,"href":"https:\/\/neutrale.al\/index.php\/wp-json\/wp\/v2\/comments?post=5836"}],"version-history":[{"count":1,"href":"https:\/\/neutrale.al\/index.php\/wp-json\/wp\/v2\/posts\/5836\/revisions"}],"predecessor-version":[{"id":5840,"href":"https:\/\/neutrale.al\/index.php\/wp-json\/wp\/v2\/posts\/5836\/revisions\/5840"}],"wp:featuredmedia":[{"embeddable":true,"href":"https:\/\/neutrale.al\/index.php\/wp-json\/wp\/v2\/media\/5839"}],"wp:attachment":[{"href":"https:\/\/neutrale.al\/index.php\/wp-json\/wp\/v2\/media?parent=5836"}],"wp:term":[{"taxonomy":"category","embeddable":true,"href":"https:\/\/neutrale.al\/index.php\/wp-json\/wp\/v2\/categories?post=5836"},{"taxonomy":"post_tag","embeddable":true,"href":"https:\/\/neutrale.al\/index.php\/wp-json\/wp\/v2\/tags?post=5836"}],"curies":[{"name":"wp","href":"https:\/\/api.w.org\/{rel}","templated":true}]}}