{"id":5812,"date":"2022-06-16T11:59:53","date_gmt":"2022-06-16T11:59:53","guid":{"rendered":"https:\/\/neutrale.al\/?p=5812"},"modified":"2022-06-16T11:59:53","modified_gmt":"2022-06-16T11:59:53","slug":"konflikti-turqi-greqi-reagon-komisioni-europian-turqia-duhet-te-ndal-kercenimet","status":"publish","type":"post","link":"https:\/\/neutrale.al\/index.php\/2022\/06\/16\/konflikti-turqi-greqi-reagon-komisioni-europian-turqia-duhet-te-ndal-kercenimet\/","title":{"rendered":"Konflikti Turqi- Greqi, reagon Komisioni Europian: Turqia duhet t\u00eb ndal k\u00ebrc\u00ebnimet !"},"content":{"rendered":"<p>&#8220;Turqia duhet t\u2019i ndaloj\u00eb t\u00eb gjitha k\u00ebrc\u00ebnimet dhe veprimet q\u00eb d\u00ebmtojn\u00eb marr\u00ebdh\u00ebniet e fqinj\u00ebsis\u00eb s\u00eb mir\u00eb dhe t\u00eb respektoj\u00eb sovranitetin e t\u00eb gjitha vendeve an\u00ebtare t\u00eb BE-s\u00eb n\u00eb uj\u00ebrat e tyre territoriale dhe hap\u00ebsir\u00ebn ajrore\u201d. <\/p>\n<p>K\u00ebshtu ka deklaruar Peter Stano, shefi i politik\u00ebs s\u00eb jashtme t\u00eb Komisionit Evropian i\u00a0pyetur nga APE-MPE p\u00ebr situat\u00ebn Turqi-Greqi. <\/p>\n<p>N\u00eb t\u00eb nj\u00ebjt\u00ebn koh\u00eb, Stano vuri n\u00eb dukje se \u201c\u00e7do \u00e7\u00ebshtje e hapur duhet t\u00eb trajtohet n\u00eb m\u00ebnyr\u00eb paq\u00ebsore, p\u00ebrmes dialogut, mir\u00ebbesim, me respekt t\u00eb plot\u00eb t\u00eb ligjit nd\u00ebrkomb\u00ebtar dhe n\u00eb p\u00ebrputhje me parimin e marr\u00ebdh\u00ebnieve t\u00eb mira fqinj\u00ebsore\u201d. <\/p>\n<p>Komisioneri shtoi gjithashtu se \u201cp\u00ebr sa i p\u00ebrket marr\u00ebdh\u00ebnieve midis BE-s\u00eb dhe shteteve an\u00ebtare t\u00eb BE-s\u00eb me Turqin\u00eb, BE-ja ishte dhe \u00ebsht\u00eb shum\u00eb e qart\u00eb: Ne presim q\u00eb Turqia t\u00eb jet\u00eb konstruktive, t\u00eb p\u00ebrmbahet nga p\u00ebrshkall\u00ebzimi i hapave, retorik\u00ebs apo veprimeve dhe t\u00eb angazhohet p\u00ebr t\u00eb nd\u00ebrtuar ura komunikimi. <\/p>\n<p>\u201cP\u00ebrndryshe, BE-ja dhe shtetet e saj an\u00ebtare do t\u00eb duhet t\u00eb marrin n\u00eb konsiderat\u00eb nj\u00eb p\u00ebrgjigje t\u00eb p\u00ebrshtatshme. Kjo u deklarua qart\u00eb dy her\u00eb vitin e kaluar nga lider\u00ebt evropian\u00eb dhe ky mbetet q\u00ebndrimi yn\u00eb edhe sot e k\u00ebsaj dite.\u201d<\/p>\n","protected":false},"excerpt":{"rendered":"<p>&#8220;Turqia duhet t\u2019i ndaloj\u00eb t\u00eb gjitha k\u00ebrc\u00ebnimet dhe veprimet q\u00eb d\u00ebmtojn\u00eb marr\u00ebdh\u00ebniet e fqinj\u00ebsis\u00eb s\u00eb mir\u00eb dhe t\u00eb respektoj\u00eb sovranitetin e t\u00eb gjitha vendeve an\u00ebtare t\u00eb BE-s\u00eb n\u00eb uj\u00ebrat e tyre territoriale dhe hap\u00ebsir\u00ebn ajrore\u201d. K\u00ebshtu ka deklaruar Peter Stano, shefi i politik\u00ebs s\u00eb jashtme t\u00eb Komisionit Evropian i\u00a0pyetur nga APE-MPE p\u00ebr situat\u00ebn Turqi-Greqi. N\u00eb [&hellip;]<\/p>\n","protected":false},"author":2,"featured_media":5813,"comment_status":"open","ping_status":"open","sticky":false,"template":"","format":"standard","meta":{"footnotes":""},"categories":[118,6],"tags":[27],"class_list":{"0":"post-5812","1":"post","2":"type-post","3":"status-publish","4":"format-standard","5":"has-post-thumbnail","7":"category-kryesore","8":"category-rajoni","9":"tag-lajme"},"_links":{"self":[{"href":"https:\/\/neutrale.al\/index.php\/wp-json\/wp\/v2\/posts\/5812","targetHints":{"allow":["GET"]}}],"collection":[{"href":"https:\/\/neutrale.al\/index.php\/wp-json\/wp\/v2\/posts"}],"about":[{"href":"https:\/\/neutrale.al\/index.php\/wp-json\/wp\/v2\/types\/post"}],"author":[{"embeddable":true,"href":"https:\/\/neutrale.al\/index.php\/wp-json\/wp\/v2\/users\/2"}],"replies":[{"embeddable":true,"href":"https:\/\/neutrale.al\/index.php\/wp-json\/wp\/v2\/comments?post=5812"}],"version-history":[{"count":1,"href":"https:\/\/neutrale.al\/index.php\/wp-json\/wp\/v2\/posts\/5812\/revisions"}],"predecessor-version":[{"id":5814,"href":"https:\/\/neutrale.al\/index.php\/wp-json\/wp\/v2\/posts\/5812\/revisions\/5814"}],"wp:featuredmedia":[{"embeddable":true,"href":"https:\/\/neutrale.al\/index.php\/wp-json\/wp\/v2\/media\/5813"}],"wp:attachment":[{"href":"https:\/\/neutrale.al\/index.php\/wp-json\/wp\/v2\/media?parent=5812"}],"wp:term":[{"taxonomy":"category","embeddable":true,"href":"https:\/\/neutrale.al\/index.php\/wp-json\/wp\/v2\/categories?post=5812"},{"taxonomy":"post_tag","embeddable":true,"href":"https:\/\/neutrale.al\/index.php\/wp-json\/wp\/v2\/tags?post=5812"}],"curies":[{"name":"wp","href":"https:\/\/api.w.org\/{rel}","templated":true}]}}