{"id":5751,"date":"2022-06-15T21:04:12","date_gmt":"2022-06-15T21:04:12","guid":{"rendered":"https:\/\/neutrale.al\/?p=5751"},"modified":"2022-06-15T21:04:12","modified_gmt":"2022-06-15T21:04:12","slug":"dr-ilir-allkja-udhetim-luksi-ne-rrenoja-dhe-lapsusi-diplomatik","status":"publish","type":"post","link":"https:\/\/neutrale.al\/index.php\/2022\/06\/15\/dr-ilir-allkja-udhetim-luksi-ne-rrenoja-dhe-lapsusi-diplomatik\/","title":{"rendered":"Dr Ilir Allkja\/ UDH\u00cbTIM LUKSI N\u00cb RR\u00cbNOJA DHE LAPSUSI DIPLOMATIK !"},"content":{"rendered":"<p>Prej muajsh n\u00eb Ukrain\u00eb b\u00ebhet luft\u00eb, shkat\u00ebrrohen sht\u00ebpi, ura, rrug\u00eb, vriten civil\u00eb t\u00eb pafajsh\u00ebm, vriten ushtar, bij n\u00ebnash dhe k\u00ebta.<\/p>\n<p>Edi Rama me manar\u00ebt e tij paraqiten ne Kiev p\u00ebr nj\u00eb parade mode disa or\u00ebshe, konfirmuar kjo nga markat luksoze t\u00eb kostumeve e aksesor\u00ebve q\u00eb i nd\u00ebrruan or\u00eb pas ore n\u00eb Kievin e bombarduar. <\/p>\n<p>Jo mor jo, do thon\u00eb votuesit e tij, shkoi p\u00ebr ndihm\u00eb!<br \/>\n\u00c7far\u00eb i d\u00ebrgoi qeveris\u00eb s\u00eb Ukrain\u00ebs kryeministri i Shqip\u00ebris\u00eb: -armatime, pajime, ushqime, para?<br \/>\nAh, para po, 1 milion dollar\u00eb ka akorduar qeveria shqiptare p\u00ebr Ukrain\u00ebn.<br \/>\nNuk duhet harruar se afro gjys\u00ebm milioni shkon udh\u00ebtimi p\u00ebr t\u00eb d\u00ebrguar lajmin e &#8220;humanizmit&#8221;. <\/p>\n<p>Disa inferior\u00eb t\u00eb tjer\u00eb do t\u00eb hamend\u00ebsojn\u00eb; shkoi t&#8217;ju jap\u00eb mend e zem\u00ebr ukrainasve!<br \/>\nPo more, fill mbas takimit me v\u00ebllain e Putinit n\u00eb Oh\u00ebr.<br \/>\nAi shkoi n\u00eb emrin ton\u00eb dhe kaq shum\u00eb u &#8220;impresionua &#8220;Presidenti Zelensky, sa b\u00ebri gaf\u00ebn protokollare q\u00eb e prezantoi si Prime Minist\u00ebr t\u00eb nj\u00eb shteti tjet\u00ebr. <\/p>\n<p>Nj\u00eb delirant kryemist\u00ebr, q\u00eb e shk\u00ebrmoqi popullin e tij, e zvog\u00ebloi friksh\u00ebm n\u00eb 9 vite qeverisje, sa p\u00ebr\u00a0 19 vite luft\u00eb.<br \/>\nE nj\u00eb t\u00eb till\u00eb, nuk mund ta pyesin p\u00ebr mend as n\u00eb Ukrain\u00eb, as n\u00eb provinc\u00eb tjet\u00ebr diplomatike, n\u00eb nj\u00eb panair kollaresh, po pa ngurrim! <\/p>\n<p>Gjithsesi, turpi si ndjenj\u00eb \u00ebsht\u00eb p\u00ebr ata q\u00eb ndihen NJER\u00cbZ, jo p\u00ebr qeniet butaforike.<\/p>\n","protected":false},"excerpt":{"rendered":"<p>Prej muajsh n\u00eb Ukrain\u00eb b\u00ebhet luft\u00eb, shkat\u00ebrrohen sht\u00ebpi, ura, rrug\u00eb, vriten civil\u00eb t\u00eb pafajsh\u00ebm, vriten ushtar, bij n\u00ebnash dhe k\u00ebta. Edi Rama me manar\u00ebt e tij paraqiten ne Kiev p\u00ebr nj\u00eb parade mode disa or\u00ebshe, konfirmuar kjo nga markat luksoze t\u00eb kostumeve e aksesor\u00ebve q\u00eb i nd\u00ebrruan or\u00eb pas ore n\u00eb Kievin e bombarduar. Jo [&hellip;]<\/p>\n","protected":false},"author":2,"featured_media":5752,"comment_status":"open","ping_status":"open","sticky":false,"template":"","format":"standard","meta":{"footnotes":""},"categories":[118,2],"tags":[],"class_list":{"0":"post-5751","1":"post","2":"type-post","3":"status-publish","4":"format-standard","5":"has-post-thumbnail","7":"category-kryesore","8":"category-opinione"},"_links":{"self":[{"href":"https:\/\/neutrale.al\/index.php\/wp-json\/wp\/v2\/posts\/5751","targetHints":{"allow":["GET"]}}],"collection":[{"href":"https:\/\/neutrale.al\/index.php\/wp-json\/wp\/v2\/posts"}],"about":[{"href":"https:\/\/neutrale.al\/index.php\/wp-json\/wp\/v2\/types\/post"}],"author":[{"embeddable":true,"href":"https:\/\/neutrale.al\/index.php\/wp-json\/wp\/v2\/users\/2"}],"replies":[{"embeddable":true,"href":"https:\/\/neutrale.al\/index.php\/wp-json\/wp\/v2\/comments?post=5751"}],"version-history":[{"count":1,"href":"https:\/\/neutrale.al\/index.php\/wp-json\/wp\/v2\/posts\/5751\/revisions"}],"predecessor-version":[{"id":5753,"href":"https:\/\/neutrale.al\/index.php\/wp-json\/wp\/v2\/posts\/5751\/revisions\/5753"}],"wp:featuredmedia":[{"embeddable":true,"href":"https:\/\/neutrale.al\/index.php\/wp-json\/wp\/v2\/media\/5752"}],"wp:attachment":[{"href":"https:\/\/neutrale.al\/index.php\/wp-json\/wp\/v2\/media?parent=5751"}],"wp:term":[{"taxonomy":"category","embeddable":true,"href":"https:\/\/neutrale.al\/index.php\/wp-json\/wp\/v2\/categories?post=5751"},{"taxonomy":"post_tag","embeddable":true,"href":"https:\/\/neutrale.al\/index.php\/wp-json\/wp\/v2\/tags?post=5751"}],"curies":[{"name":"wp","href":"https:\/\/api.w.org\/{rel}","templated":true}]}}