{"id":56788,"date":"2023-08-11T07:18:28","date_gmt":"2023-08-11T07:18:28","guid":{"rendered":"https:\/\/neutrale.al\/?p=56788"},"modified":"2023-08-11T07:18:28","modified_gmt":"2023-08-11T07:18:28","slug":"bislim-ahmetaj-dy-martiret-e-10-gushtit-shejti-lorenc-poeti-havzi-nela","status":"publish","type":"post","link":"https:\/\/neutrale.al\/index.php\/2023\/08\/11\/bislim-ahmetaj-dy-martiret-e-10-gushtit-shejti-lorenc-poeti-havzi-nela\/","title":{"rendered":"Bislim Ahmetaj\/ DY MARTIR\u00cbT E 10 GUSHTIT- SHEJTI LORENC &#038; POETI HAVZI NELA."},"content":{"rendered":"<p>Me 10 Gusht t\u00eb vitit 258 n\u00eb sheshin e vog\u00ebl t\u00eb Panisperios n\u00eb Rom\u00eb mbi nj\u00eb turr\u00eb  t\u00eb st\u00ebrmadhe drush\u00eb , rrethuar nga shum\u00eb ushtar\u00eb t\u00eb Perandorit Romak Valerian digjej trupi i Martirit t\u00eb Kish\u00ebs Katolike, Shejtit Lorenc.<br \/>\nMe 10 Gusht t\u00eb vitit 1988 tek sheshi i agjensis\u00eb  n\u00eb Kuk\u00ebsin e Ri varej poeti Havzi Nela.<br \/>\nShejti Lorenc u martirizua sepse nuk pranoj t&#8217;ja dor\u00ebzonte  parat\u00eb e kish\u00ebs  ushtar\u00ebve t\u00eb Perandorit, me nj\u00eb argumentim q\u00eb e demostroj  po n\u00eb at\u00eb shesh  ku do t\u00eb digjej i gjall\u00eb.<br \/>\nNd\u00ebrsa  Havzi Nela do t\u00eb varej  n\u00eb litar  sepse  nuk po shfaqt\u00eb  asnj\u00eb lloj  pendese  p\u00ebr disidenc\u00ebn  e tij t\u00eb gjat\u00eb dhe t\u00eb p\u00ebrs\u00ebritur.<br \/>\nNd\u00ebrsa Shejtit Lorenc  do t\u00eb protestonte kund\u00ebr  Perandorit  Valerian  i rrethuar nga nj\u00eb turm\u00eb  t\u00eb varf\u00ebrish,  t\u00eb s\u00ebmur\u00ebsh  dhe besimtar\u00ebsh  besnik n\u00eb nj\u00eb marshim sfidues n\u00eb sheshin ku sot ngrihet katedralja me emrin  e tij.<br \/>\nPoeti  Havzi Nela  thuajse  krejt\u00ebsisht  i vet\u00ebm  s&#8217;po  ndalej  n\u00eb rebelizmin  e tij t\u00eb hapur  kund\u00ebr diktatur\u00ebs  komuniste.<br \/>\nNd\u00ebrsa Shejtit Lorens  ju tha t\u00eb d\u00ebrguarve t\u00eb Perandorit  q\u00eb parat e kish\u00ebs jan\u00eb t\u00eb besimtar\u00ebve , sh\u00ebrbejn\u00eb  p\u00ebr  zgjidhjen  e halleve  dhe n\u00eb sh\u00ebrbim t\u00eb  tyre dhe jo tuajat.<br \/>\nHavzi  Nela i demostroj  sistemit gjakatar  guximin dhe kurajon  e njeriut dinjitoz q\u00eb nuk thyhet q\u00eb nuk dor\u00ebzohet, q\u00eb nuk gjunj\u00ebzohet<br \/>\nPas gati 2000 vitesh q\u00eb prej asaj kohe t\u00eb err\u00ebt kur trupi i gjall\u00eb i tij u dogj n\u00eb turr\u00ebn e druve  ka mbi 30 Kisha dhe Katedrale , ka qindra rrug\u00eb dhe sheshe, ka shum\u00eb shkolla dhe kolegje q\u00eb mbajn\u00eb  emrin e Shejtit Lorenc. \u00cbsht\u00eb shpallur Martir dhe Shejt,<br \/>\nKa nj\u00eb dit\u00eb me emrin e tij n\u00eb kalendarin kristian.<br \/>\nKa nj\u00eb p\u00ebndes\u00eb t\u00eb thell\u00eb t\u00eb Perandorit pasardh\u00ebs  i cili nisi katedralen  n\u00eb sheshin ku ai u dogj nga paraardh\u00ebsi i tij  gjakatar.<br \/>\n35 vite pas martirizimit t\u00eb Poetit Havzi Nela ka nj\u00eb gjimnaz n\u00eb Kuk\u00ebs me emrin e tij,para atij gjimnazi \u00ebsht\u00eb vendosur nj\u00eb p\u00ebrmendore  modeste , dy apo tri rrug\u00eb mbajn\u00eb emrin e tij.<br \/>\n\u00cbsht\u00eb botuar vepra e plot\u00eb, koleg\u00ebt e tij shkrimtar\u00eb  dhe poet kan\u00eb shfaqur  p\u00ebrmes shkrimesh  dhe kumtesash  p\u00ebrulje dhe ndjes\u00eb p\u00ebr heshtjen q\u00eb treguan n\u00eb at\u00eb koh\u00eb shtrigash.<br \/>\nAsnj\u00eb shenj\u00eb p\u00ebndes\u00eb apo falje  nga ata q\u00eb e \u00e7uan n\u00eb litar.<br \/>\nShenjti  LORENC u martirizua  p\u00ebr dinjitet dhe n\u00eb mbrojtje t\u00eb t\u00eb varf\u00ebrve.<br \/>\nNj\u00eblloj si poeti Havzi Nela q\u00eb u martirizua  p\u00ebr lirin\u00eb e fjal\u00ebs, dhe p\u00ebr mbrojtjen e dinjitetit  njer\u00ebzor.<br \/>\nJan\u00eb  t\u00eb larg\u00ebt  n\u00eb koh\u00eb, t\u00eb ndrysh\u00ebm n\u00eb besime k\u00ebta dy martir\u00eb,  por ata  i lidh\u00eb  nj\u00eb dat\u00eb dhe nj\u00eb vyrtyt  i lart\u00eb njer\u00ebzor. Data e martirizimit q\u00eb \u00ebsht\u00eb 10 GUSHTI dhe vyrtyti  i DINJITETIT DHE MOSN\u00cbNSHTRIMIT.<\/p>\n<p>Tiran\u00eb me 10 Gusht 2023<\/p>\n","protected":false},"excerpt":{"rendered":"<p>Me 10 Gusht t\u00eb vitit 258 n\u00eb sheshin e vog\u00ebl t\u00eb Panisperios n\u00eb Rom\u00eb mbi nj\u00eb turr\u00eb t\u00eb st\u00ebrmadhe drush\u00eb , rrethuar nga shum\u00eb ushtar\u00eb t\u00eb Perandorit Romak Valerian digjej trupi i Martirit t\u00eb Kish\u00ebs Katolike, Shejtit Lorenc. Me 10 Gusht t\u00eb vitit 1988 tek sheshi i agjensis\u00eb n\u00eb Kuk\u00ebsin e Ri varej poeti Havzi [&hellip;]<\/p>\n","protected":false},"author":2,"featured_media":56789,"comment_status":"open","ping_status":"open","sticky":false,"template":"","format":"standard","meta":{"footnotes":""},"categories":[1],"tags":[],"class_list":{"0":"post-56788","1":"post","2":"type-post","3":"status-publish","4":"format-standard","5":"has-post-thumbnail","7":"category-te-tjera"},"_links":{"self":[{"href":"https:\/\/neutrale.al\/index.php\/wp-json\/wp\/v2\/posts\/56788","targetHints":{"allow":["GET"]}}],"collection":[{"href":"https:\/\/neutrale.al\/index.php\/wp-json\/wp\/v2\/posts"}],"about":[{"href":"https:\/\/neutrale.al\/index.php\/wp-json\/wp\/v2\/types\/post"}],"author":[{"embeddable":true,"href":"https:\/\/neutrale.al\/index.php\/wp-json\/wp\/v2\/users\/2"}],"replies":[{"embeddable":true,"href":"https:\/\/neutrale.al\/index.php\/wp-json\/wp\/v2\/comments?post=56788"}],"version-history":[{"count":1,"href":"https:\/\/neutrale.al\/index.php\/wp-json\/wp\/v2\/posts\/56788\/revisions"}],"predecessor-version":[{"id":56790,"href":"https:\/\/neutrale.al\/index.php\/wp-json\/wp\/v2\/posts\/56788\/revisions\/56790"}],"wp:featuredmedia":[{"embeddable":true,"href":"https:\/\/neutrale.al\/index.php\/wp-json\/wp\/v2\/media\/56789"}],"wp:attachment":[{"href":"https:\/\/neutrale.al\/index.php\/wp-json\/wp\/v2\/media?parent=56788"}],"wp:term":[{"taxonomy":"category","embeddable":true,"href":"https:\/\/neutrale.al\/index.php\/wp-json\/wp\/v2\/categories?post=56788"},{"taxonomy":"post_tag","embeddable":true,"href":"https:\/\/neutrale.al\/index.php\/wp-json\/wp\/v2\/tags?post=56788"}],"curies":[{"name":"wp","href":"https:\/\/api.w.org\/{rel}","templated":true}]}}