{"id":5673,"date":"2022-06-15T09:41:14","date_gmt":"2022-06-15T09:41:14","guid":{"rendered":"https:\/\/neutrale.al\/?p=5673"},"modified":"2022-06-15T09:41:14","modified_gmt":"2022-06-15T09:41:14","slug":"kpk-shkarkon-gjyqtarin-e-vlores-nena-e-tij-sulm-verbal-komisionerit","status":"publish","type":"post","link":"https:\/\/neutrale.al\/index.php\/2022\/06\/15\/kpk-shkarkon-gjyqtarin-e-vlores-nena-e-tij-sulm-verbal-komisionerit\/","title":{"rendered":"KPK shkarkon gjyqtarin e Vlor\u00ebs, n\u00ebna e tij sulm verbal komisionerit."},"content":{"rendered":"<p>KPK ka shkarkuar sot gjyqtarin Bevis Shehaj, an\u00ebtar i trup\u00ebs s\u00eb gjyqtar\u00ebve t\u00eb Administratives Vlor\u00eb. <\/p>\n<p>Situat\u00ebn e b\u00ebn\u00eb t\u00eb ve\u00e7ant\u00eb momenti, kur n\u00ebna e Shehaj futet n\u00eb sall\u00ebn, ku mbahej seanca dhe me gjeste e fjal\u00eb<br \/>\ndrejtoi gishtin n\u00eb drejtim t\u00eb an\u00ebtarit t\u00eb KPK, Olsi Komi\u00e7i duke e akuzuar at\u00eb p\u00ebr ryshfet. <\/p>\n<p>N\u00eb fotot e shkrepura nga LSA, duket n\u00ebna e k\u00ebtij t\u00eb fundit e cila futet n\u00eb ambientet e sall\u00ebs ku u dha vendimi p\u00ebr shkarkimin e djalit t\u00eb saj. <\/p>\n<p>Dy dit\u00eb m\u00eb par\u00eb, gjyqtari Shehaj u p\u00ebrball me gjetjet e reja t\u00eb KPK n\u00eb tre kriteret e vler\u00ebsimit t\u00eb konstatuara pas ri\u00e7eljes s\u00eb hetimit p\u00ebr shkak t\u00eb denoncimeve t\u00eb kryera pas seanc\u00ebs s\u00eb par\u00eb d\u00ebgjimore.<br \/>\nSot u komunikua vendimi p\u00ebr shkarkimin e tij nga detyra.<\/p>\n<p><img loading=\"lazy\" loading=\"lazy\" decoding=\"async\" src=\"https:\/\/neutrale.al\/wp-content\/uploads\/2022\/06\/24320601-46A6-4556-B315-A39D66C123FC-300x243.jpeg\" alt=\"\" width=\"300\" height=\"243\" class=\"alignnone size-medium wp-image-5674\" srcset=\"https:\/\/neutrale.al\/wp-content\/uploads\/2022\/06\/24320601-46A6-4556-B315-A39D66C123FC-300x243.jpeg 300w, https:\/\/neutrale.al\/wp-content\/uploads\/2022\/06\/24320601-46A6-4556-B315-A39D66C123FC-1024x829.jpeg 1024w, https:\/\/neutrale.al\/wp-content\/uploads\/2022\/06\/24320601-46A6-4556-B315-A39D66C123FC-768x622.jpeg 768w, https:\/\/neutrale.al\/wp-content\/uploads\/2022\/06\/24320601-46A6-4556-B315-A39D66C123FC-860x696.jpeg 860w, https:\/\/neutrale.al\/wp-content\/uploads\/2022\/06\/24320601-46A6-4556-B315-A39D66C123FC.jpeg 1280w\" sizes=\"auto, (max-width: 300px) 100vw, 300px\" \/><\/p>\n","protected":false},"excerpt":{"rendered":"<p>KPK ka shkarkuar sot gjyqtarin Bevis Shehaj, an\u00ebtar i trup\u00ebs s\u00eb gjyqtar\u00ebve t\u00eb Administratives Vlor\u00eb. Situat\u00ebn e b\u00ebn\u00eb t\u00eb ve\u00e7ant\u00eb momenti, kur n\u00ebna e Shehaj futet n\u00eb sall\u00ebn, ku mbahej seanca dhe me gjeste e fjal\u00eb drejtoi gishtin n\u00eb drejtim t\u00eb an\u00ebtarit t\u00eb KPK, Olsi Komi\u00e7i duke e akuzuar at\u00eb p\u00ebr ryshfet. N\u00eb fotot e [&hellip;]<\/p>\n","protected":false},"author":2,"featured_media":5675,"comment_status":"open","ping_status":"open","sticky":false,"template":"","format":"standard","meta":{"footnotes":""},"categories":[118],"tags":[27],"class_list":{"0":"post-5673","1":"post","2":"type-post","3":"status-publish","4":"format-standard","5":"has-post-thumbnail","7":"category-kryesore","8":"tag-lajme"},"_links":{"self":[{"href":"https:\/\/neutrale.al\/index.php\/wp-json\/wp\/v2\/posts\/5673","targetHints":{"allow":["GET"]}}],"collection":[{"href":"https:\/\/neutrale.al\/index.php\/wp-json\/wp\/v2\/posts"}],"about":[{"href":"https:\/\/neutrale.al\/index.php\/wp-json\/wp\/v2\/types\/post"}],"author":[{"embeddable":true,"href":"https:\/\/neutrale.al\/index.php\/wp-json\/wp\/v2\/users\/2"}],"replies":[{"embeddable":true,"href":"https:\/\/neutrale.al\/index.php\/wp-json\/wp\/v2\/comments?post=5673"}],"version-history":[{"count":1,"href":"https:\/\/neutrale.al\/index.php\/wp-json\/wp\/v2\/posts\/5673\/revisions"}],"predecessor-version":[{"id":5676,"href":"https:\/\/neutrale.al\/index.php\/wp-json\/wp\/v2\/posts\/5673\/revisions\/5676"}],"wp:featuredmedia":[{"embeddable":true,"href":"https:\/\/neutrale.al\/index.php\/wp-json\/wp\/v2\/media\/5675"}],"wp:attachment":[{"href":"https:\/\/neutrale.al\/index.php\/wp-json\/wp\/v2\/media?parent=5673"}],"wp:term":[{"taxonomy":"category","embeddable":true,"href":"https:\/\/neutrale.al\/index.php\/wp-json\/wp\/v2\/categories?post=5673"},{"taxonomy":"post_tag","embeddable":true,"href":"https:\/\/neutrale.al\/index.php\/wp-json\/wp\/v2\/tags?post=5673"}],"curies":[{"name":"wp","href":"https:\/\/api.w.org\/{rel}","templated":true}]}}