{"id":56547,"date":"2023-08-08T17:35:24","date_gmt":"2023-08-08T17:35:24","guid":{"rendered":"https:\/\/neutrale.al\/?p=56547"},"modified":"2023-08-08T17:35:24","modified_gmt":"2023-08-08T17:35:24","slug":"letra-e-politikaneve-amerikane-dhe-evropiane-per-be-ne-shehu-veprim-ne-dobi-te-kosoves-dhe-serbise","status":"publish","type":"post","link":"https:\/\/neutrale.al\/index.php\/2023\/08\/08\/letra-e-politikaneve-amerikane-dhe-evropiane-per-be-ne-shehu-veprim-ne-dobi-te-kosoves-dhe-serbise\/","title":{"rendered":"Letra e politikan\u00ebve amerikan\u00eb dhe evropian\u00eb p\u00ebr BE-n\u00eb\/  Shehu: Veprim n\u00eb dobi t\u00eb Kosov\u00ebs dhe Serbis\u00eb"},"content":{"rendered":"<p>Ish ministri i Jasht\u00ebm Tritan Shehu ka reaguar n\u00ebp\u00ebrmjet rrjeteve sociale mbas publikimit t\u00eb nj\u00eb letre q\u00eb politikan\u00eb t\u00eb Evrop\u00ebs dhe SHBA-s\u00eb kan\u00eb adresuar p\u00ebr situat\u00ebn e acaruar midis Kosov\u00ebs dhe Serbis\u00eb.<\/p>\n<p>&#8220;Nj\u00eb veprim i qart\u00eb politik, realist e dobiprur\u00ebs n\u00eb k\u00ebt\u00eb situat\u00eb t\u00eb v\u00ebshtir\u00eb jo vet\u00ebm p\u00ebr Kosov\u00ebn, por dhe per Rajonin ai dokument&#8221;- thekson deputeti demokrat.<\/p>\n<p>Ja reagimi i plot\u00eb:<\/p>\n<p>Falenderim politikaneve Europiane e te ShBA, qe kane iniciuar ate leter per Kosoven.<br \/>\nNje veprim i qarte politik, realist e dobiprures ne kete situate te veshtire jo vetem per Kosoven, por dhe per Rajonin ai dokument.<br \/>\nNe te vertete eshte nje mesazh konkret, qe duke shprehur vetem te verteten, ndihmon edhe Serbine.<br \/>\nEshte nje dokument qe duhet te gjeje nje perkrahje gjithmone e me te gjere ne Shqiperi, Rajon e me gjere.<br \/>\nPa asnje lekundje me ate duhet te reshtohet politika shqiptare, institucionet tona shterore e Parlamenti.<br \/>\nTe gjithe pa perjashtim.<br \/>\nUne e bera veprimin tim me shume kenaqesi!<\/p>\n<p><img loading=\"lazy\" loading=\"lazy\" decoding=\"async\" src=\"https:\/\/neutrale.al\/wp-content\/uploads\/2023\/08\/e7535474-bc71-48fd-b4f8-066794a39380-291x300.jpeg\" alt=\"\" width=\"291\" height=\"300\" class=\"alignnone size-medium wp-image-56548\" srcset=\"https:\/\/neutrale.al\/wp-content\/uploads\/2023\/08\/e7535474-bc71-48fd-b4f8-066794a39380-291x300.jpeg 291w, https:\/\/neutrale.al\/wp-content\/uploads\/2023\/08\/e7535474-bc71-48fd-b4f8-066794a39380-993x1024.jpeg 993w, https:\/\/neutrale.al\/wp-content\/uploads\/2023\/08\/e7535474-bc71-48fd-b4f8-066794a39380-768x792.jpeg 768w, https:\/\/neutrale.al\/wp-content\/uploads\/2023\/08\/e7535474-bc71-48fd-b4f8-066794a39380-860x887.jpeg 860w, https:\/\/neutrale.al\/wp-content\/uploads\/2023\/08\/e7535474-bc71-48fd-b4f8-066794a39380.jpeg 1080w\" sizes=\"auto, (max-width: 291px) 100vw, 291px\" \/><\/p>\n","protected":false},"excerpt":{"rendered":"<p>Ish ministri i Jasht\u00ebm Tritan Shehu ka reaguar n\u00ebp\u00ebrmjet rrjeteve sociale mbas publikimit t\u00eb nj\u00eb letre q\u00eb politikan\u00eb t\u00eb Evrop\u00ebs dhe SHBA-s\u00eb kan\u00eb adresuar p\u00ebr situat\u00ebn e acaruar midis Kosov\u00ebs dhe Serbis\u00eb. &#8220;Nj\u00eb veprim i qart\u00eb politik, realist e dobiprur\u00ebs n\u00eb k\u00ebt\u00eb situat\u00eb t\u00eb v\u00ebshtir\u00eb jo vet\u00ebm p\u00ebr Kosov\u00ebn, por dhe per Rajonin ai dokument&#8221;- [&hellip;]<\/p>\n","protected":false},"author":2,"featured_media":56549,"comment_status":"open","ping_status":"open","sticky":false,"template":"","format":"standard","meta":{"footnotes":""},"categories":[118],"tags":[],"class_list":{"0":"post-56547","1":"post","2":"type-post","3":"status-publish","4":"format-standard","5":"has-post-thumbnail","7":"category-kryesore"},"_links":{"self":[{"href":"https:\/\/neutrale.al\/index.php\/wp-json\/wp\/v2\/posts\/56547","targetHints":{"allow":["GET"]}}],"collection":[{"href":"https:\/\/neutrale.al\/index.php\/wp-json\/wp\/v2\/posts"}],"about":[{"href":"https:\/\/neutrale.al\/index.php\/wp-json\/wp\/v2\/types\/post"}],"author":[{"embeddable":true,"href":"https:\/\/neutrale.al\/index.php\/wp-json\/wp\/v2\/users\/2"}],"replies":[{"embeddable":true,"href":"https:\/\/neutrale.al\/index.php\/wp-json\/wp\/v2\/comments?post=56547"}],"version-history":[{"count":2,"href":"https:\/\/neutrale.al\/index.php\/wp-json\/wp\/v2\/posts\/56547\/revisions"}],"predecessor-version":[{"id":56551,"href":"https:\/\/neutrale.al\/index.php\/wp-json\/wp\/v2\/posts\/56547\/revisions\/56551"}],"wp:featuredmedia":[{"embeddable":true,"href":"https:\/\/neutrale.al\/index.php\/wp-json\/wp\/v2\/media\/56549"}],"wp:attachment":[{"href":"https:\/\/neutrale.al\/index.php\/wp-json\/wp\/v2\/media?parent=56547"}],"wp:term":[{"taxonomy":"category","embeddable":true,"href":"https:\/\/neutrale.al\/index.php\/wp-json\/wp\/v2\/categories?post=56547"},{"taxonomy":"post_tag","embeddable":true,"href":"https:\/\/neutrale.al\/index.php\/wp-json\/wp\/v2\/tags?post=56547"}],"curies":[{"name":"wp","href":"https:\/\/api.w.org\/{rel}","templated":true}]}}