{"id":56270,"date":"2023-08-05T18:11:18","date_gmt":"2023-08-05T18:11:18","guid":{"rendered":"https:\/\/neutrale.al\/?p=56270"},"modified":"2023-08-05T18:11:18","modified_gmt":"2023-08-05T18:11:18","slug":"rudina-papajani-sot-po-grindem-me-token","status":"publish","type":"post","link":"https:\/\/neutrale.al\/index.php\/2023\/08\/05\/rudina-papajani-sot-po-grindem-me-token\/","title":{"rendered":"RUDINA PAPAJANI\/ SOT PO GRINDEM ME TOK\u00cbN&#8230;"},"content":{"rendered":"<p>Un\u00eb linda nga dheu i gj\u00ebr\u00eb,<br \/>\nrr\u00ebnj\u00ebt i mora nga toka e ngroht\u00eb,<br \/>\nq\u00eb jet\u00ebn ma fali,<br \/>\ndit\u00ebn kur mata vler\u00ebn me shpirtin,<br \/>\n\u00e7astin me d\u00ebshir\u00ebn,<br \/>\ntek ecnin kaluar mes m\u00ebkatar\u00ebve,<br \/>\ne luteshin  p\u00ebr prehje n\u00eb \u00e7erdhen e fatit.<br \/>\nUn\u00eb kam lindur mes asaj k\u00ebmbane,<br \/>\nq\u00eb zgjon t\u00eb dashuruarit,<br \/>\ntek d\u00ebgjojn\u00eb k\u00ebng\u00ebn e diellit,<br \/>\nmes val\u00ebve ledhatare .<br \/>\nKam lindur aty ku Zot \u00ebsht\u00eb njeriu,<br \/>\nq\u00eb largon ret\u00eb e trembura,<br \/>\ne plas g\u00ebnjeshtr\u00ebn fatale,<br \/>\nte djajt\u00eb n\u00eb hije ziliqare.<br \/>\nSot po grindem me tok\u00ebn,<br \/>\nn\u00eb lindje si \u00e7ilimi,<br \/>\npastaj ja marr vrapit,<br \/>\nt\u00eb dergjem diku ..n\u00eb gjirin e tij.<\/p>\n","protected":false},"excerpt":{"rendered":"<p>Un\u00eb linda nga dheu i gj\u00ebr\u00eb, rr\u00ebnj\u00ebt i mora nga toka e ngroht\u00eb, q\u00eb jet\u00ebn ma fali, dit\u00ebn kur mata vler\u00ebn me shpirtin, \u00e7astin me d\u00ebshir\u00ebn, tek ecnin kaluar mes m\u00ebkatar\u00ebve, e luteshin p\u00ebr prehje n\u00eb \u00e7erdhen e fatit. Un\u00eb kam lindur mes asaj k\u00ebmbane, q\u00eb zgjon t\u00eb dashuruarit, tek d\u00ebgjojn\u00eb k\u00ebng\u00ebn e diellit, mes [&hellip;]<\/p>\n","protected":false},"author":2,"featured_media":56271,"comment_status":"open","ping_status":"open","sticky":false,"template":"","format":"standard","meta":{"footnotes":""},"categories":[1],"tags":[],"class_list":{"0":"post-56270","1":"post","2":"type-post","3":"status-publish","4":"format-standard","5":"has-post-thumbnail","7":"category-te-tjera"},"_links":{"self":[{"href":"https:\/\/neutrale.al\/index.php\/wp-json\/wp\/v2\/posts\/56270","targetHints":{"allow":["GET"]}}],"collection":[{"href":"https:\/\/neutrale.al\/index.php\/wp-json\/wp\/v2\/posts"}],"about":[{"href":"https:\/\/neutrale.al\/index.php\/wp-json\/wp\/v2\/types\/post"}],"author":[{"embeddable":true,"href":"https:\/\/neutrale.al\/index.php\/wp-json\/wp\/v2\/users\/2"}],"replies":[{"embeddable":true,"href":"https:\/\/neutrale.al\/index.php\/wp-json\/wp\/v2\/comments?post=56270"}],"version-history":[{"count":1,"href":"https:\/\/neutrale.al\/index.php\/wp-json\/wp\/v2\/posts\/56270\/revisions"}],"predecessor-version":[{"id":56272,"href":"https:\/\/neutrale.al\/index.php\/wp-json\/wp\/v2\/posts\/56270\/revisions\/56272"}],"wp:featuredmedia":[{"embeddable":true,"href":"https:\/\/neutrale.al\/index.php\/wp-json\/wp\/v2\/media\/56271"}],"wp:attachment":[{"href":"https:\/\/neutrale.al\/index.php\/wp-json\/wp\/v2\/media?parent=56270"}],"wp:term":[{"taxonomy":"category","embeddable":true,"href":"https:\/\/neutrale.al\/index.php\/wp-json\/wp\/v2\/categories?post=56270"},{"taxonomy":"post_tag","embeddable":true,"href":"https:\/\/neutrale.al\/index.php\/wp-json\/wp\/v2\/tags?post=56270"}],"curies":[{"name":"wp","href":"https:\/\/api.w.org\/{rel}","templated":true}]}}