{"id":56175,"date":"2023-08-04T17:56:42","date_gmt":"2023-08-04T17:56:42","guid":{"rendered":"https:\/\/neutrale.al\/?p=56175"},"modified":"2023-08-04T17:56:42","modified_gmt":"2023-08-04T17:56:42","slug":"aksident-i-frikshem-ne-greqi-shqiptari-perplaset-ne-shtylle-dhe-vdes-ne-vend","status":"publish","type":"post","link":"https:\/\/neutrale.al\/index.php\/2023\/08\/04\/aksident-i-frikshem-ne-greqi-shqiptari-perplaset-ne-shtylle-dhe-vdes-ne-vend\/","title":{"rendered":"Aksident i friksh\u00ebm n\u00eb Greqi\/ Shqiptari p\u00ebrplaset n\u00eb shtyll\u00eb dhe vdes n\u00eb vend"},"content":{"rendered":"<p>Sikurse njofton gazetari Shpetim Zinxhiria nga Athina, nj\u00eb aksident tragjik ka ndodhur n\u00eb ishullin e Mitilinit<\/p>\n<p>Nj\u00eb shtetas shqiptar ka mbetur i vdekur gjat\u00eb nj\u00eb aksidenti t\u00eb ndodhur n\u00eb vendin e quajtur Neapoli n\u00eb ishullin e Mitilinit n\u00eb Egjeun lindor.<br \/>\nEnde nuk dihen rrethanat e aksidentit, por automjeti me targa shqiptare AA 151 AG u p\u00ebrplas n\u00eb nj\u00eb shtylle dhe n\u00eb vazhdim u shkat\u00ebrrua totalisht.<\/p>\n<p>Viktima u nxor nga llamarinat e shkat\u00ebrruara t\u00eb automjetit pasagjeri q\u00eb ishte ulur n\u00eb sediljen e par\u00eb, nd\u00ebrsa drejtuesi i automjetit 34 vje\u00e7 ndodhet n\u00eb gjendje t\u00eb r\u00ebnd\u00eb n\u00eb spitalin e ishullit.<\/p>\n<p>Policia thot\u00eb se n\u00eb automjet ndodheshin edhe 2 gra t\u00eb cilat mor\u00ebn plag\u00eb t\u00eb lehta.<\/p>\n<p>Autoritetet po hetojn\u00eb lidhur me ngjarjen. M\u00ebsohet se viktima punonte n\u00eb nj\u00eb lokal n\u00eb zon\u00ebn turistike t\u00eb ishullit. Emri i tij ende nuk b\u00ebhet i ditur.<\/p>\n","protected":false},"excerpt":{"rendered":"<p>Sikurse njofton gazetari Shpetim Zinxhiria nga Athina, nj\u00eb aksident tragjik ka ndodhur n\u00eb ishullin e Mitilinit Nj\u00eb shtetas shqiptar ka mbetur i vdekur gjat\u00eb nj\u00eb aksidenti t\u00eb ndodhur n\u00eb vendin e quajtur Neapoli n\u00eb ishullin e Mitilinit n\u00eb Egjeun lindor. Ende nuk dihen rrethanat e aksidentit, por automjeti me targa shqiptare AA 151 AG u [&hellip;]<\/p>\n","protected":false},"author":2,"featured_media":56176,"comment_status":"open","ping_status":"open","sticky":false,"template":"","format":"standard","meta":{"footnotes":""},"categories":[6],"tags":[27],"class_list":{"0":"post-56175","1":"post","2":"type-post","3":"status-publish","4":"format-standard","5":"has-post-thumbnail","7":"category-rajoni","8":"tag-lajme"},"_links":{"self":[{"href":"https:\/\/neutrale.al\/index.php\/wp-json\/wp\/v2\/posts\/56175","targetHints":{"allow":["GET"]}}],"collection":[{"href":"https:\/\/neutrale.al\/index.php\/wp-json\/wp\/v2\/posts"}],"about":[{"href":"https:\/\/neutrale.al\/index.php\/wp-json\/wp\/v2\/types\/post"}],"author":[{"embeddable":true,"href":"https:\/\/neutrale.al\/index.php\/wp-json\/wp\/v2\/users\/2"}],"replies":[{"embeddable":true,"href":"https:\/\/neutrale.al\/index.php\/wp-json\/wp\/v2\/comments?post=56175"}],"version-history":[{"count":2,"href":"https:\/\/neutrale.al\/index.php\/wp-json\/wp\/v2\/posts\/56175\/revisions"}],"predecessor-version":[{"id":56178,"href":"https:\/\/neutrale.al\/index.php\/wp-json\/wp\/v2\/posts\/56175\/revisions\/56178"}],"wp:featuredmedia":[{"embeddable":true,"href":"https:\/\/neutrale.al\/index.php\/wp-json\/wp\/v2\/media\/56176"}],"wp:attachment":[{"href":"https:\/\/neutrale.al\/index.php\/wp-json\/wp\/v2\/media?parent=56175"}],"wp:term":[{"taxonomy":"category","embeddable":true,"href":"https:\/\/neutrale.al\/index.php\/wp-json\/wp\/v2\/categories?post=56175"},{"taxonomy":"post_tag","embeddable":true,"href":"https:\/\/neutrale.al\/index.php\/wp-json\/wp\/v2\/tags?post=56175"}],"curies":[{"name":"wp","href":"https:\/\/api.w.org\/{rel}","templated":true}]}}