{"id":56099,"date":"2023-08-04T09:51:30","date_gmt":"2023-08-04T09:51:30","guid":{"rendered":"https:\/\/neutrale.al\/?p=56099"},"modified":"2023-08-04T09:51:30","modified_gmt":"2023-08-04T09:51:30","slug":"albano-zhapaj-disa-reflektime-gushti-per-proverbat-tona-ose-fjalet-e-urta-popullore-te-para-permbys","status":"publish","type":"post","link":"https:\/\/neutrale.al\/index.php\/2023\/08\/04\/albano-zhapaj-disa-reflektime-gushti-per-proverbat-tona-ose-fjalet-e-urta-popullore-te-para-permbys\/","title":{"rendered":"Albano Zhapaj\/ Disa reflektime gushti&#8230;p\u00ebr proverbat tona ose Fjal\u00ebt e Urta Popullore t\u00eb para &#8220;p\u00ebrmbys&#8221;"},"content":{"rendered":"<p>Fjal\u00ebt e urta shqiptare q\u00eb vijn\u00eb n\u00ebn drit\u00ebn e zhvillimeve t\u00eb reja shoq\u00ebrore t\u00eb popullit ton\u00eb, m\u00eb b\u00ebjn\u00eb t\u00eb besoj se, ka ardhur koha q\u00eb disa nga shprehjet e urta popullore, &#8220;t\u00eb rishikohen&#8221; seriozisht.<\/p>\n<p>M\u00eb posht\u00eb po sjell disa shembuj, q\u00eb mund t\u00eb edhe pasurohen nga ju, me fjal\u00eb t\u00eb tjera t\u00eb urta q\u00eb munt t\u00eb kem harruar: &#8230;..<\/p>\n<p>Fjala e urt\u00eb popullore \u201cMos i shiko gun\u00ebn, por shikoji pun\u00ebn\u201d \u00ebsht\u00eb e tejkaluar. K\u00ebtu po nuk pate gun\u00eb, nuk hyn dot n\u00eb pun\u00eb.<\/p>\n<p>Fjala e urt\u00eb popullore \u201cI fundit i fshatit t\u00eb tij, s\u2019mund t\u00eb jet\u00eb i par\u00eb n\u00eb fshatin e bot\u00ebs\u201d duhet hequr nga qarkullimi. K\u00ebtu jo i fundit, por i fundit i t\u00eb fundit, nga sot nes\u00ebr e gjen veten t\u00eb parin e gjith\u00eb zon\u00ebs, e jo vet\u00ebm t\u00eb fshatit t\u00eb bot\u00ebs.<\/p>\n<p>Fjala e urt\u00eb popullore \u201cKush i b\u00ebn grop\u00ebn shokut, bie vet\u00eb brenda\u201d nuk gjen m\u00eb zbatim. K\u00ebtu kush i b\u00ebn grop\u00ebn shokut, automatikisht ngrihet n\u00eb detyr\u00eb.<\/p>\n<p>Fjala e urt\u00eb popullore \u201cKali i bot\u00ebs t\u00eb l\u00eb n\u00eb udh\u00eb\u201d nuk \u00ebsht\u00eb m\u00eb e v\u00ebrtet\u00eb. K\u00ebtu kali i bot\u00ebs t\u00eb b\u00ebn t\u00eb pasur.<\/p>\n<p>Fjala e urt\u00eb popullore \u201cKu u b\u00eb deti kos, fukarait ju thye luga\u201d nuk gjen m\u00eb zbatim. K\u00ebtu fukarai ka lug\u00eb prej floriri, por nuk ka as dhall\u00eb, e jo m\u00eb kos, pale se detit ka koh\u00eb q\u00eb i ka dal\u00eb pronari.<\/p>\n<p>Fjala e urt\u00eb popullore \u201cMe thuaj \u00e7&#8217;shok\u00eb ke, t\u00eb t\u00eb them se cili je\u201d duhet z\u00ebvend\u00ebsuar me fjal\u00ebn e urt\u00eb \u201cMe thuaj \u00e7&#8217;para ke, t\u00eb t\u00eb them se cili je\u201d.<\/p>\n<p>Fjala e urt\u00eb popullore \u201cPordha e madhe gris brek\u00ebt e t\u00eb zot\u201d \u00ebsht\u00eb e v\u00ebrtet\u00eb pjes\u00ebrisht, pasi pordha k\u00ebtu, p\u00ebrpara se t\u00eb gris\u00eb brek\u00ebt e t\u00eb zot, ka qelbur dynjan\u00eb.<\/p>\n<p>Fjala e urt\u00eb popullore \u201cPyll pa derra nuk ka\u201d \u00ebsht\u00eb gjysm\u00eb e v\u00ebrtet\u00eb, pasi k\u00ebtu derra ka plot, e pyje nuk shohim hi\u00e7.<\/p>\n<p>Fjala e urt\u00eb popullore \u201cNuk b\u00ebhen petullat me uj\u00eb\u201d \u00ebsht\u00eb e tejkaluar. K\u00ebtu petullat ka koh\u00eb q\u00eb b\u00ebhen me llafe dhe premtime, e plus k\u00ebsaj uj\u00eb s&#8217;ka e uj\u00eb paguhet.<\/p>\n<p>Fjala e urt\u00eb popullore \u201cNuk mbushet thesi me nj\u00eb kalli\u201d \u00ebsht\u00eb e tejkaluar. K\u00ebtu thesi \u00ebsht\u00eb mbushur plot e p\u00ebrplot  ama &#8230;me thas\u00eb bosh.<\/p>\n<p>Fjala e urt\u00eb popullore \u201cTek nusja han\u00eb e pin\u00eb, te dh\u00ebndri gj\u00eb nuk dine\u201d nuk gjen m\u00eb terren. K\u00ebtu, le q\u00eb tek nusja s&#8217;kan\u00eb \u00e7&#8217;t\u00eb han\u00eb, por edhe dh\u00ebndri ka vite q\u00eb ka ikur n\u00eb emigrim.<\/p>\n<p>Fjala e urt\u00eb popullore \u201cLulja e k\u00ebputur, nuk mbin m\u00eb\u201d \u00ebsht\u00eb kot fare, sepse lulet ka koh\u00eb q\u00eb i b\u00ebjn\u00eb plastike dhe na i shesin p\u00ebr t\u00eb fresk\u00ebta.<\/p>\n<p>Ja k\u00ebshtu&#8230;<\/p>\n","protected":false},"excerpt":{"rendered":"<p>Fjal\u00ebt e urta shqiptare q\u00eb vijn\u00eb n\u00ebn drit\u00ebn e zhvillimeve t\u00eb reja shoq\u00ebrore t\u00eb popullit ton\u00eb, m\u00eb b\u00ebjn\u00eb t\u00eb besoj se, ka ardhur koha q\u00eb disa nga shprehjet e urta popullore, &#8220;t\u00eb rishikohen&#8221; seriozisht. M\u00eb posht\u00eb po sjell disa shembuj, q\u00eb mund t\u00eb edhe pasurohen nga ju, me fjal\u00eb t\u00eb tjera t\u00eb urta q\u00eb munt [&hellip;]<\/p>\n","protected":false},"author":2,"featured_media":56100,"comment_status":"open","ping_status":"open","sticky":false,"template":"","format":"standard","meta":{"footnotes":""},"categories":[1],"tags":[],"class_list":{"0":"post-56099","1":"post","2":"type-post","3":"status-publish","4":"format-standard","5":"has-post-thumbnail","7":"category-te-tjera"},"_links":{"self":[{"href":"https:\/\/neutrale.al\/index.php\/wp-json\/wp\/v2\/posts\/56099","targetHints":{"allow":["GET"]}}],"collection":[{"href":"https:\/\/neutrale.al\/index.php\/wp-json\/wp\/v2\/posts"}],"about":[{"href":"https:\/\/neutrale.al\/index.php\/wp-json\/wp\/v2\/types\/post"}],"author":[{"embeddable":true,"href":"https:\/\/neutrale.al\/index.php\/wp-json\/wp\/v2\/users\/2"}],"replies":[{"embeddable":true,"href":"https:\/\/neutrale.al\/index.php\/wp-json\/wp\/v2\/comments?post=56099"}],"version-history":[{"count":1,"href":"https:\/\/neutrale.al\/index.php\/wp-json\/wp\/v2\/posts\/56099\/revisions"}],"predecessor-version":[{"id":56101,"href":"https:\/\/neutrale.al\/index.php\/wp-json\/wp\/v2\/posts\/56099\/revisions\/56101"}],"wp:featuredmedia":[{"embeddable":true,"href":"https:\/\/neutrale.al\/index.php\/wp-json\/wp\/v2\/media\/56100"}],"wp:attachment":[{"href":"https:\/\/neutrale.al\/index.php\/wp-json\/wp\/v2\/media?parent=56099"}],"wp:term":[{"taxonomy":"category","embeddable":true,"href":"https:\/\/neutrale.al\/index.php\/wp-json\/wp\/v2\/categories?post=56099"},{"taxonomy":"post_tag","embeddable":true,"href":"https:\/\/neutrale.al\/index.php\/wp-json\/wp\/v2\/tags?post=56099"}],"curies":[{"name":"wp","href":"https:\/\/api.w.org\/{rel}","templated":true}]}}