{"id":56069,"date":"2023-08-03T17:15:50","date_gmt":"2023-08-03T17:15:50","guid":{"rendered":"https:\/\/neutrale.al\/?p=56069"},"modified":"2023-08-03T17:15:50","modified_gmt":"2023-08-03T17:15:50","slug":"inceneratoret-pd-thirrje-spak-identifikoni-dhe-penalizoni-kreret-e-vertete-te-kesaj-mega-afere-qe-jane-edi-rama-dhe-erion-veliaj","status":"publish","type":"post","link":"https:\/\/neutrale.al\/index.php\/2023\/08\/03\/inceneratoret-pd-thirrje-spak-identifikoni-dhe-penalizoni-kreret-e-vertete-te-kesaj-mega-afere-qe-jane-edi-rama-dhe-erion-veliaj\/","title":{"rendered":"Incenerator\u00ebt\/ PD thirrje SPAK: Identifikoni dhe penalizoni krer\u00ebt e v\u00ebrtet\u00eb t\u00eb k\u00ebsaj mega-afere, q\u00eb jan\u00eb Edi Rama dhe Erion Veliaj."},"content":{"rendered":"<p>DEKLARAT\u00cb P\u00cbR MEDIA E DREJTUESIT T\u00cb DEPARTAMENTIT T\u00cb EKONOMIS\u00cb, KLODIAN MU\u00c7O<\/p>\n<p>Partia Demokratike, duke e rivler\u00ebsuar sekuestrimin e incineratorit t\u00eb Tiran\u00ebs si mas\u00ebn dhe hapin e duhur n\u00eb drejtim t\u00eb ligjshm\u00ebris\u00eb, b\u00ebn s\u00ebrish thirrje p\u00ebr identifikimin e pronar\u00ebve t\u00eb v\u00ebrtet\u00eb t\u00eb djeg\u00ebsave, jo atyre fiktiv\u00eb, n\u00eb letra.<\/p>\n<p>Vet\u00ebm k\u00ebshtu p\u00ebrballja me ligjin \u00ebsht\u00eb e plot\u00eb dhe nd\u00ebshkimi prej tij shkon te autor\u00ebt e v\u00ebrtet\u00eb, t\u00eb plot\u00eb, dhe jo vet\u00ebm te t\u00eb pjesshmit.<\/p>\n<p>N\u00eb n\u00eb em\u00ebr t\u00eb interesit publik e kemi k\u00ebrkuar prej dy vitesh sekuestrimin e vepr\u00ebs penale t\u00eb incinerator\u00ebve t\u00eb Elbasanit, Fierit dhe Tiran\u00ebs. Masa, edhe pse e vonuar, \u00ebsht\u00eb e mir\u00ebpritur, por kjo vones\u00eb nuk duhet p\u00ebrs\u00ebritur n\u00eb identifikimin dhe penalizimin e krer\u00ebve t\u00eb v\u00ebrtet\u00eb t\u00eb k\u00ebsaj mega-afere, q\u00eb jan\u00eb Edi Rama dhe Erion Veliaj.<\/p>\n<p>SPAK \u00ebsht\u00eb n\u00eb drejtimin e duhur n\u00eb ngritjen e akuz\u00ebs p\u00ebr shp\u00ebrdorim detyre, \u00e7ka implikon direkt njer\u00ebz me pushtet, dhe nuk ka sesi t\u00eb prek\u00eb Zoton apo M\u00ebrtirin, q\u00eb jane vet\u00ebm aksioner\u00eb dyt\u00ebsor\u00eb t\u00eb sip\u00ebrmarrjes Rama- Veliaj dhe nuk mbajn\u00eb detyra shtet\u00ebrore.<\/p>\n<p>\u201cShp\u00ebrdorimit t\u00eb detyr\u00ebs\u201d i pafshin hajrin Edi Rama, Erion Velija dhe an\u00ebtar\u00eb t\u00eb tjer\u00eb t\u00eb organizates s\u00eb strukturuar kriminale, qe me djeg\u00ebsat realizuan nj\u00eb zhvatje prej qindra milion euro.<br \/>\nZoto dhe M\u00ebrtiri nuk firmos\u00ebn p\u00ebr incinerator\u00ebt, dhe as mor\u00ebn vendime, ata thjesht ekzekutuan firmat dhe p\u00ebrfitimet e Veliaj, Ram\u00ebs dhe Aga\u00e7it.<\/p>\n<p>Zoto dhe M\u00ebrtiri nuk mund te ndryshonin praktik\u00ebn e trajtimit t\u00eb mbetjeve ne Tirane, k\u00ebt\u00eb mund ta b\u00ebnte vet\u00ebm Erion Veliaj.<\/p>\n<p>Zoto dhe M\u00ebrtiri nuk mund t\u00eb tjet\u00ebrsonin para, n\u00ebse qeveria dhe bashkia nuk do jepte para p\u00ebr djegie plehrash, kur djeg\u00ebs nuk ka.<\/p>\n<p>Zoto dhe M\u00ebrtiri arrit\u00ebn nj\u00eb \u2018sukses\u2019 duke u b\u00ebr\u00eb aksioner\u00eb dyt\u00ebsor\u00eb apo tret\u00ebsor\u00eb me incinerator\u00ebt, por ishin Rama dhe Veliaj q\u00eb i quajt\u00ebn sukses djeg\u00ebsat e Tiran\u00ebs, Elbasanit dhe Fierit.<\/p>\n<p>Zoto dhe M\u00ebrtiri nuk mund t\u2019i jepnin vetes bonus prej 8 pik\u00ebsh, 9 muaj para se t\u00eb regjistrohej kompania fituese, ishin Veliaj dhe Rama q\u00eb mund ta b\u00ebnin k\u00ebt\u00eb.<\/p>\n<p>Zoto dhe M\u00ebrtiri nuk mund t\u00eb merrnin vendim n\u00eb em\u00ebr t\u00eb K\u00ebshillit bashkiak, vet\u00ebm Erion Veliaj mund ta b\u00ebnte k\u00ebt\u00eb.<\/p>\n<p>SPAK duhet ta shoh\u00eb krimin p\u00ebr at\u00eb \u00e7far\u00eb \u00ebsht\u00eb. Nj\u00eb intencion shtet\u00ebror p\u00ebr t\u00eb krijuar organizat\u00eb t\u00eb strukturuar kriminale, duke p\u00ebrdorur dy biznesmen\u00eb bedela dhe nj\u00eb gjysm\u00eb milardi euro para t\u00eb takspaguesve shqiptar\u00eb.<\/p>\n","protected":false},"excerpt":{"rendered":"<p>DEKLARAT\u00cb P\u00cbR MEDIA E DREJTUESIT T\u00cb DEPARTAMENTIT T\u00cb EKONOMIS\u00cb, KLODIAN MU\u00c7O Partia Demokratike, duke e rivler\u00ebsuar sekuestrimin e incineratorit t\u00eb Tiran\u00ebs si mas\u00ebn dhe hapin e duhur n\u00eb drejtim t\u00eb ligjshm\u00ebris\u00eb, b\u00ebn s\u00ebrish thirrje p\u00ebr identifikimin e pronar\u00ebve t\u00eb v\u00ebrtet\u00eb t\u00eb djeg\u00ebsave, jo atyre fiktiv\u00eb, n\u00eb letra. Vet\u00ebm k\u00ebshtu p\u00ebrballja me ligjin \u00ebsht\u00eb e plot\u00eb [&hellip;]<\/p>\n","protected":false},"author":2,"featured_media":56070,"comment_status":"open","ping_status":"open","sticky":false,"template":"","format":"standard","meta":{"footnotes":""},"categories":[118,9],"tags":[],"class_list":{"0":"post-56069","1":"post","2":"type-post","3":"status-publish","4":"format-standard","5":"has-post-thumbnail","7":"category-kryesore","8":"category-politika"},"_links":{"self":[{"href":"https:\/\/neutrale.al\/index.php\/wp-json\/wp\/v2\/posts\/56069","targetHints":{"allow":["GET"]}}],"collection":[{"href":"https:\/\/neutrale.al\/index.php\/wp-json\/wp\/v2\/posts"}],"about":[{"href":"https:\/\/neutrale.al\/index.php\/wp-json\/wp\/v2\/types\/post"}],"author":[{"embeddable":true,"href":"https:\/\/neutrale.al\/index.php\/wp-json\/wp\/v2\/users\/2"}],"replies":[{"embeddable":true,"href":"https:\/\/neutrale.al\/index.php\/wp-json\/wp\/v2\/comments?post=56069"}],"version-history":[{"count":1,"href":"https:\/\/neutrale.al\/index.php\/wp-json\/wp\/v2\/posts\/56069\/revisions"}],"predecessor-version":[{"id":56071,"href":"https:\/\/neutrale.al\/index.php\/wp-json\/wp\/v2\/posts\/56069\/revisions\/56071"}],"wp:featuredmedia":[{"embeddable":true,"href":"https:\/\/neutrale.al\/index.php\/wp-json\/wp\/v2\/media\/56070"}],"wp:attachment":[{"href":"https:\/\/neutrale.al\/index.php\/wp-json\/wp\/v2\/media?parent=56069"}],"wp:term":[{"taxonomy":"category","embeddable":true,"href":"https:\/\/neutrale.al\/index.php\/wp-json\/wp\/v2\/categories?post=56069"},{"taxonomy":"post_tag","embeddable":true,"href":"https:\/\/neutrale.al\/index.php\/wp-json\/wp\/v2\/tags?post=56069"}],"curies":[{"name":"wp","href":"https:\/\/api.w.org\/{rel}","templated":true}]}}