{"id":56065,"date":"2023-08-03T15:54:58","date_gmt":"2023-08-03T15:54:58","guid":{"rendered":"https:\/\/neutrale.al\/?p=56065"},"modified":"2023-08-03T15:54:58","modified_gmt":"2023-08-03T15:54:58","slug":"ing-alfred-hasimaj-emblema-e-paqes-anton-cetta-plaku-i-urte","status":"publish","type":"post","link":"https:\/\/neutrale.al\/index.php\/2023\/08\/03\/ing-alfred-hasimaj-emblema-e-paqes-anton-cetta-plaku-i-urte\/","title":{"rendered":"Ing. Alfred Hasimaj\/ EMBLEMA E PAQES, ANTON \u00c7ETTA, PLAKU I URT\u00cb"},"content":{"rendered":"<p>Rubrika e krenaris\u00eb&#8230;<\/p>\n<p>Shkrimtar, profesori i let\u00ebrsis\u00eb dhe patriot shqiptar. Anton \u00c7etta, u lind n\u00eb vitin 1920 n\u00eb Gjakov\u00eb. Mbar\u00eb populli shqiptar, at\u00eb e kujton si plakun e urt\u00eb q\u00eb pajtoi shum\u00eb familje, t\u00eb cilat prej vitesh ishin n\u00eb hasm\u00ebri mes nj\u00ebra-tjetr\u00ebs. Anton \u00c7etta mbaroi shkoll\u00ebn fillore n\u00eb vendlindje, nd\u00ebrsa t\u00eb mesmen n\u00eb Tiran\u00eb dhe Kor\u00e7\u00eb. Studimet i mbaroi n\u00eb Universitetin e Beogradit, ku u diplomua n\u00eb gjuh\u00eb dhe kultur\u00eb romane. P\u00ebr nj\u00eb koh\u00eb punoi si asistent n\u00eb deg\u00ebn e gjuh\u00ebs shqipe. Nga viti 1960 deri m\u00eb 1968, ai ligj\u00ebroi l\u00ebnd\u00ebt, si: let\u00ebrsia e vjet\u00ebr shqiptare, historia e let\u00ebrsis\u00eb dhe gjuh\u00eb latine, n\u00eb Universitetin e Prishtin\u00ebs.<br \/>\nLibri i par\u00eb iu botua m\u00eb 1953 dhe deri n\u00eb vitin 1987, \u00c7etta botoi 16 libra me p\u00ebrmbledhje folklorike,nga t\u00eb gjitha viset shqiptare t\u00eb Kosov\u00ebs, Malit t\u00eb Zi dhe Maqedonis\u00eb. Nga viti 1968, Anton \u00c7etta ka qen\u00eb udh\u00ebheq\u00ebs i Departamentit t\u00eb Folklorit n\u00eb Institutin Albanologjik t\u00eb Prishtin\u00ebs.<br \/>\nN\u00eb vitin 1990, profesor \u00c7etta \u00ebsht\u00eb zgjedhur kryetar i K\u00ebshillit Qendror t\u00eb L\u00ebvizjes Komb\u00ebtare p\u00ebr Pajtimin e Gjaqeve. Duke qen\u00eb se gjat\u00eb mbledhjes s\u00eb folklorit kishte vizituar t\u00eb gjitha viset shqiptare, ai kishte fituar respektin dhe dashurin\u00eb e popullit. \u201cPlaku i urt\u00eb\u201d, si\u00e7 i kishte dh\u00ebn\u00eb epitetin populli, kishte arritur t\u00eb pajtonte me mij\u00ebra familje t\u00eb hasmuara dhe dukuria e keqe e gjakmarrjes pothuajse ishte zhdukur krejt\u00ebsisht deri kah mesi i viteve \u201990. Anton \u00c7etta vdiq n\u00eb vitin 1995 n\u00eb Prishtin\u00eb, p\u00ebr t\u00eb mbetur p\u00ebrjet\u00eb n\u00eb mendjen e njeriut shqiptar, si plaku i urt\u00eb q\u00eb arriti t bashkoj\u00eb mij\u00ebra familje shqiptare.<\/p>\n","protected":false},"excerpt":{"rendered":"<p>Rubrika e krenaris\u00eb&#8230; Shkrimtar, profesori i let\u00ebrsis\u00eb dhe patriot shqiptar. Anton \u00c7etta, u lind n\u00eb vitin 1920 n\u00eb Gjakov\u00eb. Mbar\u00eb populli shqiptar, at\u00eb e kujton si plakun e urt\u00eb q\u00eb pajtoi shum\u00eb familje, t\u00eb cilat prej vitesh ishin n\u00eb hasm\u00ebri mes nj\u00ebra-tjetr\u00ebs. Anton \u00c7etta mbaroi shkoll\u00ebn fillore n\u00eb vendlindje, nd\u00ebrsa t\u00eb mesmen n\u00eb Tiran\u00eb dhe [&hellip;]<\/p>\n","protected":false},"author":2,"featured_media":56066,"comment_status":"open","ping_status":"open","sticky":false,"template":"","format":"standard","meta":{"footnotes":""},"categories":[1],"tags":[],"class_list":{"0":"post-56065","1":"post","2":"type-post","3":"status-publish","4":"format-standard","5":"has-post-thumbnail","7":"category-te-tjera"},"_links":{"self":[{"href":"https:\/\/neutrale.al\/index.php\/wp-json\/wp\/v2\/posts\/56065","targetHints":{"allow":["GET"]}}],"collection":[{"href":"https:\/\/neutrale.al\/index.php\/wp-json\/wp\/v2\/posts"}],"about":[{"href":"https:\/\/neutrale.al\/index.php\/wp-json\/wp\/v2\/types\/post"}],"author":[{"embeddable":true,"href":"https:\/\/neutrale.al\/index.php\/wp-json\/wp\/v2\/users\/2"}],"replies":[{"embeddable":true,"href":"https:\/\/neutrale.al\/index.php\/wp-json\/wp\/v2\/comments?post=56065"}],"version-history":[{"count":1,"href":"https:\/\/neutrale.al\/index.php\/wp-json\/wp\/v2\/posts\/56065\/revisions"}],"predecessor-version":[{"id":56067,"href":"https:\/\/neutrale.al\/index.php\/wp-json\/wp\/v2\/posts\/56065\/revisions\/56067"}],"wp:featuredmedia":[{"embeddable":true,"href":"https:\/\/neutrale.al\/index.php\/wp-json\/wp\/v2\/media\/56066"}],"wp:attachment":[{"href":"https:\/\/neutrale.al\/index.php\/wp-json\/wp\/v2\/media?parent=56065"}],"wp:term":[{"taxonomy":"category","embeddable":true,"href":"https:\/\/neutrale.al\/index.php\/wp-json\/wp\/v2\/categories?post=56065"},{"taxonomy":"post_tag","embeddable":true,"href":"https:\/\/neutrale.al\/index.php\/wp-json\/wp\/v2\/tags?post=56065"}],"curies":[{"name":"wp","href":"https:\/\/api.w.org\/{rel}","templated":true}]}}